{"id":1658,"date":"2018-02-11T18:46:50","date_gmt":"2018-02-11T16:46:50","guid":{"rendered":"http:\/\/ekenasfotoklubb.org\/?p=1658"},"modified":"2018-02-19T18:49:19","modified_gmt":"2018-02-19T16:49:19","slug":"bildforedrag-av-johanna-sandin","status":"publish","type":"post","link":"http:\/\/ekenasfotoklubb.org\/?p=1658","title":{"rendered":"Bildf\u00f6redrag av Johanna Sandin"},"content":{"rendered":"<p>M\u00e5ndag 15.1. kl 18.30 h\u00e5ller Johanna Sandin fr\u00e5n Hang\u00f6 ett bildf\u00f6redrag. Havet och dess olika skepnader \u00e4r i  fokus.<br \/>\nV\u00e4lkommen !<\/p>\n<p><a href=\"http:\/\/ekenasfotoklubb.org\/wp-content\/uploads\/2013\/02\/Hanna-1.jpg\"><img loading=\"lazy\" src=\"http:\/\/ekenasfotoklubb.org\/wp-content\/uploads\/2013\/02\/Hanna-1-300x252.jpg\" alt=\"\" width=\"300\" height=\"252\" class=\"alignnone size-medium wp-image-1530\" srcset=\"http:\/\/ekenasfotoklubb.org\/wp-content\/uploads\/2013\/02\/Hanna-1-300x252.jpg 300w, http:\/\/ekenasfotoklubb.org\/wp-content\/uploads\/2013\/02\/Hanna-1-768x644.jpg 768w, http:\/\/ekenasfotoklubb.org\/wp-content\/uploads\/2013\/02\/Hanna-1-1024x859.jpg 1024w, http:\/\/ekenasfotoklubb.org\/wp-content\/uploads\/2013\/02\/Hanna-1-358x300.jpg 358w, http:\/\/ekenasfotoklubb.org\/wp-content\/uploads\/2013\/02\/Hanna-1.jpg 1417w\" sizes=\"(max-width: 300px) 100vw, 300px\" \/><\/a><\/p>\n","protected":false},"excerpt":{"rendered":"<p>M\u00e5ndag 15.1. kl 18.30 h\u00e5ller Johanna Sandin fr\u00e5n Hang\u00f6 ett bildf\u00f6redrag. Havet och dess olika skepnader \u00e4r i fokus. V\u00e4lkommen ! &hellip; <a class=\"more-link\" href=\"http:\/\/ekenasfotoklubb.org\/?p=1658\">L\u00e4s mer <span class=\"meta-nav\">&rarr;<\/span><\/a><\/p>\n","protected":false},"author":1,"featured_media":0,"comment_status":"closed","ping_status":"closed","sticky":false,"template":"","format":"standard","meta":{"ngg_post_thumbnail":0},"categories":[1],"tags":[],"table_tags":[],"_links":{"self":[{"href":"http:\/\/ekenasfotoklubb.org\/index.php?rest_route=\/wp\/v2\/posts\/1658"}],"collection":[{"href":"http:\/\/ekenasfotoklubb.org\/index.php?rest_route=\/wp\/v2\/posts"}],"about":[{"href":"http:\/\/ekenasfotoklubb.org\/index.php?rest_route=\/wp\/v2\/types\/post"}],"author":[{"embeddable":true,"href":"http:\/\/ekenasfotoklubb.org\/index.php?rest_route=\/wp\/v2\/users\/1"}],"replies":[{"embeddable":true,"href":"http:\/\/ekenasfotoklubb.org\/index.php?rest_route=%2Fwp%2Fv2%2Fcomments&post=1658"}],"version-history":[{"count":3,"href":"http:\/\/ekenasfotoklubb.org\/index.php?rest_route=\/wp\/v2\/posts\/1658\/revisions"}],"predecessor-version":[{"id":1661,"href":"http:\/\/ekenasfotoklubb.org\/index.php?rest_route=\/wp\/v2\/posts\/1658\/revisions\/1661"}],"wp:attachment":[{"href":"http:\/\/ekenasfotoklubb.org\/index.php?rest_route=%2Fwp%2Fv2%2Fmedia&parent=1658"}],"wp:term":[{"taxonomy":"category","embeddable":true,"href":"http:\/\/ekenasfotoklubb.org\/index.php?rest_route=%2Fwp%2Fv2%2Fcategories&post=1658"},{"taxonomy":"post_tag","embeddable":true,"href":"http:\/\/ekenasfotoklubb.org\/index.php?rest_route=%2Fwp%2Fv2%2Ftags&post=1658"},{"taxonomy":"table_tags","embeddable":true,"href":"http:\/\/ekenasfotoklubb.org\/index.php?rest_route=%2Fwp%2Fv2%2Ftable_tags&post=1658"}],"curies":[{"name":"wp","href":"https:\/\/api.w.org\/{rel}","templated":true}]}}