{"id":1688,"date":"2018-02-26T09:27:28","date_gmt":"2018-02-26T07:27:28","guid":{"rendered":"http:\/\/ekenasfotoklubb.org\/?p=1688"},"modified":"2018-02-26T09:28:28","modified_gmt":"2018-02-26T07:28:28","slug":"manadsmote-onsdag-7-3-kl-18-30-i-klubblokalen","status":"publish","type":"post","link":"http:\/\/ekenasfotoklubb.org\/?p=1688","title":{"rendered":"M\u00e5nadsm\u00f6te onsdag 7.3.kl 18.30 i Klubblokalen"},"content":{"rendered":"<p>Tema f\u00f6r mars m\u00e5nadsm\u00f6te 7.3. \u00e4r skymningsfotografering och ljusm\u00e5lning. Vi g\u00e5r ut och fotar och kommer sedan in och tittar p\u00e5 och diskuterar resultaten. <span style=\"text-decoration: underline;\">Ta med kamera, stativ och ficklampa!<\/span><\/p>\n","protected":false},"excerpt":{"rendered":"<p>Tema f\u00f6r mars m\u00e5nadsm\u00f6te 7.3. \u00e4r skymningsfotografering och ljusm\u00e5lning. Vi g\u00e5r ut och fotar och kommer sedan in och tittar p\u00e5 och diskuterar resultaten. Ta med kamera, stativ och ficklampa! &hellip; <a class=\"more-link\" href=\"http:\/\/ekenasfotoklubb.org\/?p=1688\">L\u00e4s mer <span class=\"meta-nav\">&rarr;<\/span><\/a><\/p>\n","protected":false},"author":3,"featured_media":0,"comment_status":"closed","ping_status":"closed","sticky":false,"template":"","format":"standard","meta":{"ngg_post_thumbnail":0},"categories":[1],"tags":[],"table_tags":[],"_links":{"self":[{"href":"http:\/\/ekenasfotoklubb.org\/index.php?rest_route=\/wp\/v2\/posts\/1688"}],"collection":[{"href":"http:\/\/ekenasfotoklubb.org\/index.php?rest_route=\/wp\/v2\/posts"}],"about":[{"href":"http:\/\/ekenasfotoklubb.org\/index.php?rest_route=\/wp\/v2\/types\/post"}],"author":[{"embeddable":true,"href":"http:\/\/ekenasfotoklubb.org\/index.php?rest_route=\/wp\/v2\/users\/3"}],"replies":[{"embeddable":true,"href":"http:\/\/ekenasfotoklubb.org\/index.php?rest_route=%2Fwp%2Fv2%2Fcomments&post=1688"}],"version-history":[{"count":1,"href":"http:\/\/ekenasfotoklubb.org\/index.php?rest_route=\/wp\/v2\/posts\/1688\/revisions"}],"predecessor-version":[{"id":1689,"href":"http:\/\/ekenasfotoklubb.org\/index.php?rest_route=\/wp\/v2\/posts\/1688\/revisions\/1689"}],"wp:attachment":[{"href":"http:\/\/ekenasfotoklubb.org\/index.php?rest_route=%2Fwp%2Fv2%2Fmedia&parent=1688"}],"wp:term":[{"taxonomy":"category","embeddable":true,"href":"http:\/\/ekenasfotoklubb.org\/index.php?rest_route=%2Fwp%2Fv2%2Fcategories&post=1688"},{"taxonomy":"post_tag","embeddable":true,"href":"http:\/\/ekenasfotoklubb.org\/index.php?rest_route=%2Fwp%2Fv2%2Ftags&post=1688"},{"taxonomy":"table_tags","embeddable":true,"href":"http:\/\/ekenasfotoklubb.org\/index.php?rest_route=%2Fwp%2Fv2%2Ftable_tags&post=1688"}],"curies":[{"name":"wp","href":"https:\/\/api.w.org\/{rel}","templated":true}]}}