{"id":1923,"date":"2018-08-15T18:56:37","date_gmt":"2018-08-15T15:56:37","guid":{"rendered":"http:\/\/ekenasfotoklubb.org\/?p=1923"},"modified":"2018-09-09T19:23:17","modified_gmt":"2018-09-09T16:23:17","slug":"kurs-i-nattfotografering-8-9-9","status":"publish","type":"post","link":"http:\/\/ekenasfotoklubb.org\/?p=1923","title":{"rendered":"Kurs i nattfotografering 8-9.9."},"content":{"rendered":"<p>Klubben ordnar en veckoslutskurs i nattfotografering med <strong>Oscar Keserci (www.oscarkeserci.com)<\/strong> som l\u00e4rare. Kursen \u00e4r \u00f6ppen \u00e4ven f\u00f6r icke medlemmar. Till kursen antas de 15 f\u00f6rst anm\u00e4lda. F\u00f6r medlemmar kostar kursen 10e och f\u00f6r icke medlemmar 25 e. Anm\u00e4lning till ekenasfotoklubb@gmail.com Betalning till klubbens konto senast 5.9.<br \/>\nKursen m\u00f6jligg\u00f6rs av ett underst\u00f6d fr\u00e5n Svenska kulturfonden.<\/p>\n<p>Start l\u00f6r 8.9. kl 17.00 i klubblokalen med\u00a0 teori: Grunderna i nattfotografering, Hur fotar man Vintergatan, Att stacka bilder mm. sedan blir det nattfotografering i Hang\u00f6. S\u00f6ndag 9.9. kl 13:Genomg\u00e5ng och bildvisning.<\/p>\n<p><a href=\"http:\/\/ekenasfotoklubb.org\/wp-content\/uploads\/2018\/08\/Natt-a-1.jpg\"><img loading=\"lazy\" class=\"alignnone size-medium wp-image-1935\" src=\"http:\/\/ekenasfotoklubb.org\/wp-content\/uploads\/2018\/08\/Natt-a-1-300x293.jpg\" alt=\"\" width=\"300\" height=\"293\" srcset=\"http:\/\/ekenasfotoklubb.org\/wp-content\/uploads\/2018\/08\/Natt-a-1-300x293.jpg 300w, http:\/\/ekenasfotoklubb.org\/wp-content\/uploads\/2018\/08\/Natt-a-1-768x749.jpg 768w, http:\/\/ekenasfotoklubb.org\/wp-content\/uploads\/2018\/08\/Natt-a-1-1024x999.jpg 1024w, http:\/\/ekenasfotoklubb.org\/wp-content\/uploads\/2018\/08\/Natt-a-1-308x300.jpg 308w, http:\/\/ekenasfotoklubb.org\/wp-content\/uploads\/2018\/08\/Natt-a-1.jpg 1230w\" sizes=\"(max-width: 300px) 100vw, 300px\" \/><\/a><\/p>\n<p>En mycket givande kurs under en ypperlig l\u00e4rare. Tyv\u00e4rr hade vi lite otur med v\u00e4dret i Hang\u00f6, molnen skymde Vintergatan.<\/p>\n<p>&nbsp;<\/p>\n","protected":false},"excerpt":{"rendered":"<p>Klubben ordnar en veckoslutskurs i nattfotografering med Oscar Keserci (www.oscarkeserci.com) som l\u00e4rare. Kursen \u00e4r \u00f6ppen \u00e4ven f\u00f6r icke medlemmar. Till kursen antas de 15 f\u00f6rst anm\u00e4lda. F\u00f6r medlemmar kostar kursen 10e och f\u00f6r icke medlemmar 25 e. Anm\u00e4lning till ekenasfotoklubb@gmail.com Betalning till klubbens konto senast 5.9. Kursen m\u00f6jligg\u00f6rs av ett underst\u00f6d fr\u00e5n Svenska kulturfonden. Start l\u00f6r 8.9. kl 17.00 i klubblokalen med\u00a0 teori: Grunderna i nattfotografering, Hur fotar man Vintergatan, Att stacka bilder mm. sedan blir det nattfotografering i Hang\u00f6. S\u00f6ndag 9.9. kl 13:Genomg\u00e5ng och bildvisning. En mycket givande kurs under en ypperlig l\u00e4rare. Tyv\u00e4rr hade vi lite otur med &hellip; <a class=\"more-link\" href=\"http:\/\/ekenasfotoklubb.org\/?p=1923\">L\u00e4s mer <span class=\"meta-nav\">&rarr;<\/span><\/a><\/p>\n","protected":false},"author":3,"featured_media":0,"comment_status":"closed","ping_status":"closed","sticky":false,"template":"","format":"standard","meta":{"ngg_post_thumbnail":0},"categories":[1],"tags":[],"table_tags":[],"_links":{"self":[{"href":"http:\/\/ekenasfotoklubb.org\/index.php?rest_route=\/wp\/v2\/posts\/1923"}],"collection":[{"href":"http:\/\/ekenasfotoklubb.org\/index.php?rest_route=\/wp\/v2\/posts"}],"about":[{"href":"http:\/\/ekenasfotoklubb.org\/index.php?rest_route=\/wp\/v2\/types\/post"}],"author":[{"embeddable":true,"href":"http:\/\/ekenasfotoklubb.org\/index.php?rest_route=\/wp\/v2\/users\/3"}],"replies":[{"embeddable":true,"href":"http:\/\/ekenasfotoklubb.org\/index.php?rest_route=%2Fwp%2Fv2%2Fcomments&post=1923"}],"version-history":[{"count":4,"href":"http:\/\/ekenasfotoklubb.org\/index.php?rest_route=\/wp\/v2\/posts\/1923\/revisions"}],"predecessor-version":[{"id":1937,"href":"http:\/\/ekenasfotoklubb.org\/index.php?rest_route=\/wp\/v2\/posts\/1923\/revisions\/1937"}],"wp:attachment":[{"href":"http:\/\/ekenasfotoklubb.org\/index.php?rest_route=%2Fwp%2Fv2%2Fmedia&parent=1923"}],"wp:term":[{"taxonomy":"category","embeddable":true,"href":"http:\/\/ekenasfotoklubb.org\/index.php?rest_route=%2Fwp%2Fv2%2Fcategories&post=1923"},{"taxonomy":"post_tag","embeddable":true,"href":"http:\/\/ekenasfotoklubb.org\/index.php?rest_route=%2Fwp%2Fv2%2Ftags&post=1923"},{"taxonomy":"table_tags","embeddable":true,"href":"http:\/\/ekenasfotoklubb.org\/index.php?rest_route=%2Fwp%2Fv2%2Ftable_tags&post=1923"}],"curies":[{"name":"wp","href":"https:\/\/api.w.org\/{rel}","templated":true}]}}