{"id":1928,"date":"2018-08-15T19:06:38","date_gmt":"2018-08-15T16:06:38","guid":{"rendered":"http:\/\/ekenasfotoklubb.org\/?p=1928"},"modified":"2018-08-15T19:06:38","modified_gmt":"2018-08-15T16:06:38","slug":"hango-fotofestival-lor-1-9","status":"publish","type":"post","link":"http:\/\/ekenasfotoklubb.org\/?p=1928","title":{"rendered":"Hang\u00f6 Fotofestival l\u00f6r 1.9."},"content":{"rendered":"<p>\u00c5rets upplaga av Hang\u00f6 Fotofestival g\u00e5r av stapeln i Hang\u00f6 stadshus l\u00f6r 1.9. Under festivaldagen ordnar <strong>Eken\u00e4s fotoklubb och Hang\u00f6 fotoklubb gemensam utst\u00e4llning p\u00e5 temat V\u00e4derfenomen.\u00a0<\/strong> Utst\u00e4llningen ordnas i stadshusets foaj\u00e9. Utst\u00e4llningen st\u00e4lls upp fredag 31.8. fr\u00e5n kl 12 och frivillig hj\u00e4lp beh\u00f6vs! V\u00e5r klubb ansvarar f\u00f6r caf\u00e9verksamheten i foaj\u00e9n under festivalen. Till detta beh\u00f6vs frivilliga att sk\u00f6ta kaffekokning och f\u00f6rs\u00e4ljning. Den som vill f\u00e5r ocks\u00e5 baka kaffebr\u00f6d. Viveka h\u00e5ller i tr\u00e5darna \u2013 kontakta henne<\/p>\n<p>Se n\u00e4rmare om programmet p\u00e5 www.hankofotofestival.fi<\/p>\n","protected":false},"excerpt":{"rendered":"<p>\u00c5rets upplaga av Hang\u00f6 Fotofestival g\u00e5r av stapeln i Hang\u00f6 stadshus l\u00f6r 1.9. Under festivaldagen ordnar Eken\u00e4s fotoklubb och Hang\u00f6 fotoklubb gemensam utst\u00e4llning p\u00e5 temat V\u00e4derfenomen.\u00a0 Utst\u00e4llningen ordnas i stadshusets foaj\u00e9. Utst\u00e4llningen st\u00e4lls upp fredag 31.8. fr\u00e5n kl 12 och frivillig hj\u00e4lp beh\u00f6vs! V\u00e5r klubb ansvarar f\u00f6r caf\u00e9verksamheten i foaj\u00e9n under festivalen. Till detta beh\u00f6vs frivilliga att sk\u00f6ta kaffekokning och f\u00f6rs\u00e4ljning. Den som vill f\u00e5r ocks\u00e5 baka kaffebr\u00f6d. Viveka h\u00e5ller i tr\u00e5darna \u2013 kontakta henne Se n\u00e4rmare om programmet p\u00e5 www.hankofotofestival.fi &hellip; <a class=\"more-link\" href=\"http:\/\/ekenasfotoklubb.org\/?p=1928\">L\u00e4s mer <span class=\"meta-nav\">&rarr;<\/span><\/a><\/p>\n","protected":false},"author":3,"featured_media":0,"comment_status":"closed","ping_status":"closed","sticky":false,"template":"","format":"standard","meta":{"ngg_post_thumbnail":0},"categories":[1],"tags":[],"table_tags":[],"_links":{"self":[{"href":"http:\/\/ekenasfotoklubb.org\/index.php?rest_route=\/wp\/v2\/posts\/1928"}],"collection":[{"href":"http:\/\/ekenasfotoklubb.org\/index.php?rest_route=\/wp\/v2\/posts"}],"about":[{"href":"http:\/\/ekenasfotoklubb.org\/index.php?rest_route=\/wp\/v2\/types\/post"}],"author":[{"embeddable":true,"href":"http:\/\/ekenasfotoklubb.org\/index.php?rest_route=\/wp\/v2\/users\/3"}],"replies":[{"embeddable":true,"href":"http:\/\/ekenasfotoklubb.org\/index.php?rest_route=%2Fwp%2Fv2%2Fcomments&post=1928"}],"version-history":[{"count":1,"href":"http:\/\/ekenasfotoklubb.org\/index.php?rest_route=\/wp\/v2\/posts\/1928\/revisions"}],"predecessor-version":[{"id":1929,"href":"http:\/\/ekenasfotoklubb.org\/index.php?rest_route=\/wp\/v2\/posts\/1928\/revisions\/1929"}],"wp:attachment":[{"href":"http:\/\/ekenasfotoklubb.org\/index.php?rest_route=%2Fwp%2Fv2%2Fmedia&parent=1928"}],"wp:term":[{"taxonomy":"category","embeddable":true,"href":"http:\/\/ekenasfotoklubb.org\/index.php?rest_route=%2Fwp%2Fv2%2Fcategories&post=1928"},{"taxonomy":"post_tag","embeddable":true,"href":"http:\/\/ekenasfotoklubb.org\/index.php?rest_route=%2Fwp%2Fv2%2Ftags&post=1928"},{"taxonomy":"table_tags","embeddable":true,"href":"http:\/\/ekenasfotoklubb.org\/index.php?rest_route=%2Fwp%2Fv2%2Ftable_tags&post=1928"}],"curies":[{"name":"wp","href":"https:\/\/api.w.org\/{rel}","templated":true}]}}