{"id":1938,"date":"2018-09-09T20:05:32","date_gmt":"2018-09-09T17:05:32","guid":{"rendered":"http:\/\/ekenasfotoklubb.org\/?p=1938"},"modified":"2018-09-09T20:06:10","modified_gmt":"2018-09-09T17:06:10","slug":"lyckad-kurs-i-nattfotografering","status":"publish","type":"post","link":"http:\/\/ekenasfotoklubb.org\/?p=1938","title":{"rendered":"Lyckad kurs i nattfotografering !"},"content":{"rendered":"<p>Ingredienserna f\u00f6r en lyckad kurs \u00e4r en inspirerande l\u00e4rare och aktiva och vetgiriga deltagare. B\u00e5da dessa uppfylldes under kursen i nattfotografering som h\u00f6lls 8-9.9. Den praktiska fotodelen gynnades inte av v\u00e4dergudarna: f\u00f6r mycket moln f\u00f6r att Vintergatan skulle synas. \u00c4nd\u00e5 var fotosessionen givande och resulterade i ny kunskap och m\u00e5nga fina bilder.\u00a0 Tack Oscar!<a href=\"http:\/\/ekenasfotoklubb.org\/wp-content\/uploads\/2018\/08\/Natt-a-1.jpg\"><img loading=\"lazy\" class=\"alignnone size-medium wp-image-1935\" src=\"http:\/\/ekenasfotoklubb.org\/wp-content\/uploads\/2018\/08\/Natt-a-1-300x293.jpg\" alt=\"\" width=\"300\" height=\"293\" srcset=\"http:\/\/ekenasfotoklubb.org\/wp-content\/uploads\/2018\/08\/Natt-a-1-300x293.jpg 300w, http:\/\/ekenasfotoklubb.org\/wp-content\/uploads\/2018\/08\/Natt-a-1-768x749.jpg 768w, http:\/\/ekenasfotoklubb.org\/wp-content\/uploads\/2018\/08\/Natt-a-1-1024x999.jpg 1024w, http:\/\/ekenasfotoklubb.org\/wp-content\/uploads\/2018\/08\/Natt-a-1-308x300.jpg 308w, http:\/\/ekenasfotoklubb.org\/wp-content\/uploads\/2018\/08\/Natt-a-1.jpg 1230w\" sizes=\"(max-width: 300px) 100vw, 300px\" \/><\/a><\/p>\n<p>&nbsp;<\/p>\n","protected":false},"excerpt":{"rendered":"<p>Ingredienserna f\u00f6r en lyckad kurs \u00e4r en inspirerande l\u00e4rare och aktiva och vetgiriga deltagare. B\u00e5da dessa uppfylldes under kursen i nattfotografering som h\u00f6lls 8-9.9. Den praktiska fotodelen gynnades inte av v\u00e4dergudarna: f\u00f6r mycket moln f\u00f6r att Vintergatan skulle synas. \u00c4nd\u00e5 var fotosessionen givande och resulterade i ny kunskap och m\u00e5nga fina bilder.\u00a0 Tack Oscar! &nbsp; &hellip; <a class=\"more-link\" href=\"http:\/\/ekenasfotoklubb.org\/?p=1938\">L\u00e4s mer <span class=\"meta-nav\">&rarr;<\/span><\/a><\/p>\n","protected":false},"author":3,"featured_media":0,"comment_status":"closed","ping_status":"closed","sticky":false,"template":"","format":"standard","meta":{"ngg_post_thumbnail":0},"categories":[1],"tags":[],"table_tags":[],"_links":{"self":[{"href":"http:\/\/ekenasfotoklubb.org\/index.php?rest_route=\/wp\/v2\/posts\/1938"}],"collection":[{"href":"http:\/\/ekenasfotoklubb.org\/index.php?rest_route=\/wp\/v2\/posts"}],"about":[{"href":"http:\/\/ekenasfotoklubb.org\/index.php?rest_route=\/wp\/v2\/types\/post"}],"author":[{"embeddable":true,"href":"http:\/\/ekenasfotoklubb.org\/index.php?rest_route=\/wp\/v2\/users\/3"}],"replies":[{"embeddable":true,"href":"http:\/\/ekenasfotoklubb.org\/index.php?rest_route=%2Fwp%2Fv2%2Fcomments&post=1938"}],"version-history":[{"count":1,"href":"http:\/\/ekenasfotoklubb.org\/index.php?rest_route=\/wp\/v2\/posts\/1938\/revisions"}],"predecessor-version":[{"id":1939,"href":"http:\/\/ekenasfotoklubb.org\/index.php?rest_route=\/wp\/v2\/posts\/1938\/revisions\/1939"}],"wp:attachment":[{"href":"http:\/\/ekenasfotoklubb.org\/index.php?rest_route=%2Fwp%2Fv2%2Fmedia&parent=1938"}],"wp:term":[{"taxonomy":"category","embeddable":true,"href":"http:\/\/ekenasfotoklubb.org\/index.php?rest_route=%2Fwp%2Fv2%2Fcategories&post=1938"},{"taxonomy":"post_tag","embeddable":true,"href":"http:\/\/ekenasfotoklubb.org\/index.php?rest_route=%2Fwp%2Fv2%2Ftags&post=1938"},{"taxonomy":"table_tags","embeddable":true,"href":"http:\/\/ekenasfotoklubb.org\/index.php?rest_route=%2Fwp%2Fv2%2Ftable_tags&post=1938"}],"curies":[{"name":"wp","href":"https:\/\/api.w.org\/{rel}","templated":true}]}}