{"id":1942,"date":"2018-09-14T17:10:21","date_gmt":"2018-09-14T14:10:21","guid":{"rendered":"http:\/\/ekenasfotoklubb.org\/?p=1942"},"modified":"2018-09-14T17:11:01","modified_gmt":"2018-09-14T14:11:01","slug":"vaderfenomen-i-karis","status":"publish","type":"post","link":"http:\/\/ekenasfotoklubb.org\/?p=1942","title":{"rendered":"&#8220;V\u00e4derfenomen&#8221; i Karis"},"content":{"rendered":"<p>Klubbens utst\u00e4llning &#8220;V\u00e4derfenomen&#8221; har h\u00e4ngts upp i Galleri Fokus i Karis. Utst\u00e4llningen p\u00e5g\u00e5r till1.10. varefter den flyttas till bibban i Eken\u00e4s. Utst\u00e4llningen baserar sig p\u00e5 medlemmarnas bilder fr\u00e5n den g\u00e5ngna sommaren.\u00a0 G\u00e5 och titta p\u00e5 fina bilder!<\/p>\n<p><a href=\"http:\/\/ekenasfotoklubb.org\/wp-content\/uploads\/2018\/09\/DSC1794.jpg\">Foto V.Rabehl<\/a>.<a href=\"http:\/\/ekenasfotoklubb.org\/wp-content\/uploads\/2018\/09\/DSC1794.jpg\"><img loading=\"lazy\" class=\"alignnone size-medium wp-image-1943\" src=\"http:\/\/ekenasfotoklubb.org\/wp-content\/uploads\/2018\/09\/DSC1794-300x164.jpg\" alt=\"\" width=\"300\" height=\"164\" srcset=\"http:\/\/ekenasfotoklubb.org\/wp-content\/uploads\/2018\/09\/DSC1794-300x164.jpg 300w, http:\/\/ekenasfotoklubb.org\/wp-content\/uploads\/2018\/09\/DSC1794-768x419.jpg 768w, http:\/\/ekenasfotoklubb.org\/wp-content\/uploads\/2018\/09\/DSC1794-1024x558.jpg 1024w, http:\/\/ekenasfotoklubb.org\/wp-content\/uploads\/2018\/09\/DSC1794-500x273.jpg 500w, http:\/\/ekenasfotoklubb.org\/wp-content\/uploads\/2018\/09\/DSC1794.jpg 1920w\" sizes=\"(max-width: 300px) 100vw, 300px\" \/><\/a><\/p>\n","protected":false},"excerpt":{"rendered":"<p>Klubbens utst\u00e4llning &#8220;V\u00e4derfenomen&#8221; har h\u00e4ngts upp i Galleri Fokus i Karis. Utst\u00e4llningen p\u00e5g\u00e5r till1.10. varefter den flyttas till bibban i Eken\u00e4s. Utst\u00e4llningen baserar sig p\u00e5 medlemmarnas bilder fr\u00e5n den g\u00e5ngna sommaren.\u00a0 G\u00e5 och titta p\u00e5 fina bilder! Foto V.Rabehl. &hellip; <a class=\"more-link\" href=\"http:\/\/ekenasfotoklubb.org\/?p=1942\">L\u00e4s mer <span class=\"meta-nav\">&rarr;<\/span><\/a><\/p>\n","protected":false},"author":3,"featured_media":0,"comment_status":"closed","ping_status":"closed","sticky":false,"template":"","format":"standard","meta":{"ngg_post_thumbnail":0},"categories":[1],"tags":[],"table_tags":[],"_links":{"self":[{"href":"http:\/\/ekenasfotoklubb.org\/index.php?rest_route=\/wp\/v2\/posts\/1942"}],"collection":[{"href":"http:\/\/ekenasfotoklubb.org\/index.php?rest_route=\/wp\/v2\/posts"}],"about":[{"href":"http:\/\/ekenasfotoklubb.org\/index.php?rest_route=\/wp\/v2\/types\/post"}],"author":[{"embeddable":true,"href":"http:\/\/ekenasfotoklubb.org\/index.php?rest_route=\/wp\/v2\/users\/3"}],"replies":[{"embeddable":true,"href":"http:\/\/ekenasfotoklubb.org\/index.php?rest_route=%2Fwp%2Fv2%2Fcomments&post=1942"}],"version-history":[{"count":1,"href":"http:\/\/ekenasfotoklubb.org\/index.php?rest_route=\/wp\/v2\/posts\/1942\/revisions"}],"predecessor-version":[{"id":1944,"href":"http:\/\/ekenasfotoklubb.org\/index.php?rest_route=\/wp\/v2\/posts\/1942\/revisions\/1944"}],"wp:attachment":[{"href":"http:\/\/ekenasfotoklubb.org\/index.php?rest_route=%2Fwp%2Fv2%2Fmedia&parent=1942"}],"wp:term":[{"taxonomy":"category","embeddable":true,"href":"http:\/\/ekenasfotoklubb.org\/index.php?rest_route=%2Fwp%2Fv2%2Fcategories&post=1942"},{"taxonomy":"post_tag","embeddable":true,"href":"http:\/\/ekenasfotoklubb.org\/index.php?rest_route=%2Fwp%2Fv2%2Ftags&post=1942"},{"taxonomy":"table_tags","embeddable":true,"href":"http:\/\/ekenasfotoklubb.org\/index.php?rest_route=%2Fwp%2Fv2%2Ftable_tags&post=1942"}],"curies":[{"name":"wp","href":"https:\/\/api.w.org\/{rel}","templated":true}]}}