{"id":1946,"date":"2018-09-14T17:15:46","date_gmt":"2018-09-14T14:15:46","guid":{"rendered":"http:\/\/ekenasfotoklubb.org\/?p=1946"},"modified":"2018-09-17T21:58:38","modified_gmt":"2018-09-17T18:58:38","slug":"besok-pa-fotofabriken","status":"publish","type":"post","link":"http:\/\/ekenasfotoklubb.org\/?p=1946","title":{"rendered":"Bes\u00f6k p\u00e5 Fotofabriken"},"content":{"rendered":"<p><strong>M\u00e5ndagstr\u00e4ff 17.9. kl 18.30<\/strong>. Vi bes\u00f6ker Fotofabriken vid torget. Kjell presenterar butiken. Sedan \u00e5ker vi till Sporrong d\u00e4r Fotofabriken har sin studio. Vi tr\u00e4ffas vid butiken.<a href=\"http:\/\/ekenasfotoklubb.org\/wp-content\/uploads\/2018\/09\/Fotofabriken-1.jpg\"><img loading=\"lazy\" class=\"alignnone size-medium wp-image-1950\" src=\"http:\/\/ekenasfotoklubb.org\/wp-content\/uploads\/2018\/09\/Fotofabriken-1-300x252.jpg\" alt=\"\" width=\"300\" height=\"252\" srcset=\"http:\/\/ekenasfotoklubb.org\/wp-content\/uploads\/2018\/09\/Fotofabriken-1-300x252.jpg 300w, http:\/\/ekenasfotoklubb.org\/wp-content\/uploads\/2018\/09\/Fotofabriken-1-768x645.jpg 768w, http:\/\/ekenasfotoklubb.org\/wp-content\/uploads\/2018\/09\/Fotofabriken-1-1024x860.jpg 1024w, http:\/\/ekenasfotoklubb.org\/wp-content\/uploads\/2018\/09\/Fotofabriken-1-357x300.jpg 357w, http:\/\/ekenasfotoklubb.org\/wp-content\/uploads\/2018\/09\/Fotofabriken-1.jpg 1181w\" sizes=\"(max-width: 300px) 100vw, 300px\" \/><\/a><\/p>\n<p>&nbsp;<\/p>\n<p>&nbsp;<\/p>\n","protected":false},"excerpt":{"rendered":"<p>M\u00e5ndagstr\u00e4ff 17.9. kl 18.30. Vi bes\u00f6ker Fotofabriken vid torget. Kjell presenterar butiken. Sedan \u00e5ker vi till Sporrong d\u00e4r Fotofabriken har sin studio. Vi tr\u00e4ffas vid butiken. &nbsp; &nbsp; &hellip; <a class=\"more-link\" href=\"http:\/\/ekenasfotoklubb.org\/?p=1946\">L\u00e4s mer <span class=\"meta-nav\">&rarr;<\/span><\/a><\/p>\n","protected":false},"author":3,"featured_media":0,"comment_status":"closed","ping_status":"closed","sticky":false,"template":"","format":"standard","meta":{"ngg_post_thumbnail":0},"categories":[1],"tags":[],"table_tags":[],"_links":{"self":[{"href":"http:\/\/ekenasfotoklubb.org\/index.php?rest_route=\/wp\/v2\/posts\/1946"}],"collection":[{"href":"http:\/\/ekenasfotoklubb.org\/index.php?rest_route=\/wp\/v2\/posts"}],"about":[{"href":"http:\/\/ekenasfotoklubb.org\/index.php?rest_route=\/wp\/v2\/types\/post"}],"author":[{"embeddable":true,"href":"http:\/\/ekenasfotoklubb.org\/index.php?rest_route=\/wp\/v2\/users\/3"}],"replies":[{"embeddable":true,"href":"http:\/\/ekenasfotoklubb.org\/index.php?rest_route=%2Fwp%2Fv2%2Fcomments&post=1946"}],"version-history":[{"count":7,"href":"http:\/\/ekenasfotoklubb.org\/index.php?rest_route=\/wp\/v2\/posts\/1946\/revisions"}],"predecessor-version":[{"id":1956,"href":"http:\/\/ekenasfotoklubb.org\/index.php?rest_route=\/wp\/v2\/posts\/1946\/revisions\/1956"}],"wp:attachment":[{"href":"http:\/\/ekenasfotoklubb.org\/index.php?rest_route=%2Fwp%2Fv2%2Fmedia&parent=1946"}],"wp:term":[{"taxonomy":"category","embeddable":true,"href":"http:\/\/ekenasfotoklubb.org\/index.php?rest_route=%2Fwp%2Fv2%2Fcategories&post=1946"},{"taxonomy":"post_tag","embeddable":true,"href":"http:\/\/ekenasfotoklubb.org\/index.php?rest_route=%2Fwp%2Fv2%2Ftags&post=1946"},{"taxonomy":"table_tags","embeddable":true,"href":"http:\/\/ekenasfotoklubb.org\/index.php?rest_route=%2Fwp%2Fv2%2Ftable_tags&post=1946"}],"curies":[{"name":"wp","href":"https:\/\/api.w.org\/{rel}","templated":true}]}}