{"id":1990,"date":"2018-10-12T12:46:02","date_gmt":"2018-10-12T09:46:02","guid":{"rendered":"http:\/\/ekenasfotoklubb.org\/?p=1990"},"modified":"2018-10-15T21:54:42","modified_gmt":"2018-10-15T18:54:42","slug":"mandagstraff-lina-enlund","status":"publish","type":"post","link":"http:\/\/ekenasfotoklubb.org\/?p=1990","title":{"rendered":"M\u00e5ndagstr\u00e4ff: Lina Enlund"},"content":{"rendered":"<p><a href=\"http:\/\/ekenasfotoklubb.org\/wp-content\/uploads\/2018\/10\/klubb-2.jpg\"><img loading=\"lazy\" class=\"alignnone size-medium wp-image-1992\" src=\"http:\/\/ekenasfotoklubb.org\/wp-content\/uploads\/2018\/10\/klubb-2-300x225.jpg\" alt=\"\" width=\"300\" height=\"225\" srcset=\"http:\/\/ekenasfotoklubb.org\/wp-content\/uploads\/2018\/10\/klubb-2-300x225.jpg 300w, http:\/\/ekenasfotoklubb.org\/wp-content\/uploads\/2018\/10\/klubb-2-768x576.jpg 768w, http:\/\/ekenasfotoklubb.org\/wp-content\/uploads\/2018\/10\/klubb-2-1024x768.jpg 1024w, http:\/\/ekenasfotoklubb.org\/wp-content\/uploads\/2018\/10\/klubb-2-400x300.jpg 400w, http:\/\/ekenasfotoklubb.org\/wp-content\/uploads\/2018\/10\/klubb-2.jpg 1600w\" sizes=\"(max-width: 300px) 100vw, 300px\" \/><\/a><\/p>\n<p>M\u00e5ndagstr\u00e4ff 15.10. kl 18.30. Idel glada miner d\u00e5 klubben g\u00e4stades av Lina Enlund, fotograf p\u00e5 tidningen V\u00e4stra Nyland. Hon\u00a0 ber\u00e4ttade om och visade bilder fr\u00e5n sitt jobb p\u00e5 tidningen.<\/p>\n","protected":false},"excerpt":{"rendered":"<p>M\u00e5ndagstr\u00e4ff 15.10. kl 18.30. Idel glada miner d\u00e5 klubben g\u00e4stades av Lina Enlund, fotograf p\u00e5 tidningen V\u00e4stra Nyland. Hon\u00a0 ber\u00e4ttade om och visade bilder fr\u00e5n sitt jobb p\u00e5 tidningen. &hellip; <a class=\"more-link\" href=\"http:\/\/ekenasfotoklubb.org\/?p=1990\">L\u00e4s mer <span class=\"meta-nav\">&rarr;<\/span><\/a><\/p>\n","protected":false},"author":3,"featured_media":0,"comment_status":"closed","ping_status":"closed","sticky":false,"template":"","format":"standard","meta":{"ngg_post_thumbnail":0},"categories":[1],"tags":[],"table_tags":[],"_links":{"self":[{"href":"http:\/\/ekenasfotoklubb.org\/index.php?rest_route=\/wp\/v2\/posts\/1990"}],"collection":[{"href":"http:\/\/ekenasfotoklubb.org\/index.php?rest_route=\/wp\/v2\/posts"}],"about":[{"href":"http:\/\/ekenasfotoklubb.org\/index.php?rest_route=\/wp\/v2\/types\/post"}],"author":[{"embeddable":true,"href":"http:\/\/ekenasfotoklubb.org\/index.php?rest_route=\/wp\/v2\/users\/3"}],"replies":[{"embeddable":true,"href":"http:\/\/ekenasfotoklubb.org\/index.php?rest_route=%2Fwp%2Fv2%2Fcomments&post=1990"}],"version-history":[{"count":3,"href":"http:\/\/ekenasfotoklubb.org\/index.php?rest_route=\/wp\/v2\/posts\/1990\/revisions"}],"predecessor-version":[{"id":1994,"href":"http:\/\/ekenasfotoklubb.org\/index.php?rest_route=\/wp\/v2\/posts\/1990\/revisions\/1994"}],"wp:attachment":[{"href":"http:\/\/ekenasfotoklubb.org\/index.php?rest_route=%2Fwp%2Fv2%2Fmedia&parent=1990"}],"wp:term":[{"taxonomy":"category","embeddable":true,"href":"http:\/\/ekenasfotoklubb.org\/index.php?rest_route=%2Fwp%2Fv2%2Fcategories&post=1990"},{"taxonomy":"post_tag","embeddable":true,"href":"http:\/\/ekenasfotoklubb.org\/index.php?rest_route=%2Fwp%2Fv2%2Ftags&post=1990"},{"taxonomy":"table_tags","embeddable":true,"href":"http:\/\/ekenasfotoklubb.org\/index.php?rest_route=%2Fwp%2Fv2%2Ftable_tags&post=1990"}],"curies":[{"name":"wp","href":"https:\/\/api.w.org\/{rel}","templated":true}]}}