{"id":1996,"date":"2018-10-21T13:33:22","date_gmt":"2018-10-21T10:33:22","guid":{"rendered":"http:\/\/ekenasfotoklubb.org\/?p=1996"},"modified":"2018-10-21T13:53:39","modified_gmt":"2018-10-21T10:53:39","slug":"fotokurs-for-unga","status":"publish","type":"post","link":"http:\/\/ekenasfotoklubb.org\/?p=1996","title":{"rendered":"Fotokurs f\u00f6r unga"},"content":{"rendered":"<p>\u00c4r du fotointresserad och vill l\u00e4ra dig mera om att fota? D\u00e5 kan den h\u00e4r kursen vara f\u00f6r dig. Kursen kommer att koncentreras p\u00e5 praktisk fotografering, dvs vi fotar i olika milj\u00f6er och med olika former av teknik. Det \u00e4r bra om du beh\u00e4rskar din kamera, men \u00e4ven nyb\u00f6rjare \u00e4r v\u00e4lkomna. Kursen riktar sig fr\u00e4mst till 13-16 -\u00e5ringar men ocks\u00e5 \u00e4ldre kan delta.<br \/>\nUnder fem tv\u00e5-timmarslektioner 30.10 \u2013 27.11 f\u00e5r du m\u00f6jlighet att ta m\u00e5nga bilder. I slutet av kursen printas ett urval av bilderna ut, och sammanst\u00e4lls till en utst\u00e4llning. L\u00e4rare \u00e4r naturfotograf Viveka Rabehl och kursavgiften \u00e4r 20e. Kursen h\u00e5lls i klubbens utrymmen, p\u00e5 s..k. Ek\u00e5sen-omr\u00e5det.\u00a0 Anm\u00e4l dig till ekenasfotoklubb@gmail.com senast 28.10.<\/p>\n<p>N\u00e4rmare info via denna l\u00e4nk:\u00a0<a href=\"http:\/\/ekenasfotoklubb.org\/wp-content\/uploads\/2018\/10\/fotokurs-f\u00f6r-unga-del-2-1.pdf\">fotokurs f\u00f6r unga del 2<\/a><\/p>\n","protected":false},"excerpt":{"rendered":"<p>\u00c4r du fotointresserad och vill l\u00e4ra dig mera om att fota? D\u00e5 kan den h\u00e4r kursen vara f\u00f6r dig. Kursen kommer att koncentreras p\u00e5 praktisk fotografering, dvs vi fotar i olika milj\u00f6er och med olika former av teknik. Det \u00e4r bra om du beh\u00e4rskar din kamera, men \u00e4ven nyb\u00f6rjare \u00e4r v\u00e4lkomna. Kursen riktar sig fr\u00e4mst till 13-16 -\u00e5ringar men ocks\u00e5 \u00e4ldre kan delta. Under fem tv\u00e5-timmarslektioner 30.10 \u2013 27.11 f\u00e5r du m\u00f6jlighet att ta m\u00e5nga bilder. I slutet av kursen printas ett urval av bilderna ut, och sammanst\u00e4lls till en utst\u00e4llning. L\u00e4rare \u00e4r naturfotograf Viveka Rabehl och kursavgiften \u00e4r 20e. &hellip; <a class=\"more-link\" href=\"http:\/\/ekenasfotoklubb.org\/?p=1996\">L\u00e4s mer <span class=\"meta-nav\">&rarr;<\/span><\/a><\/p>\n","protected":false},"author":3,"featured_media":0,"comment_status":"closed","ping_status":"closed","sticky":false,"template":"","format":"standard","meta":{"ngg_post_thumbnail":0},"categories":[1],"tags":[],"table_tags":[],"_links":{"self":[{"href":"http:\/\/ekenasfotoklubb.org\/index.php?rest_route=\/wp\/v2\/posts\/1996"}],"collection":[{"href":"http:\/\/ekenasfotoklubb.org\/index.php?rest_route=\/wp\/v2\/posts"}],"about":[{"href":"http:\/\/ekenasfotoklubb.org\/index.php?rest_route=\/wp\/v2\/types\/post"}],"author":[{"embeddable":true,"href":"http:\/\/ekenasfotoklubb.org\/index.php?rest_route=\/wp\/v2\/users\/3"}],"replies":[{"embeddable":true,"href":"http:\/\/ekenasfotoklubb.org\/index.php?rest_route=%2Fwp%2Fv2%2Fcomments&post=1996"}],"version-history":[{"count":5,"href":"http:\/\/ekenasfotoklubb.org\/index.php?rest_route=\/wp\/v2\/posts\/1996\/revisions"}],"predecessor-version":[{"id":2003,"href":"http:\/\/ekenasfotoklubb.org\/index.php?rest_route=\/wp\/v2\/posts\/1996\/revisions\/2003"}],"wp:attachment":[{"href":"http:\/\/ekenasfotoklubb.org\/index.php?rest_route=%2Fwp%2Fv2%2Fmedia&parent=1996"}],"wp:term":[{"taxonomy":"category","embeddable":true,"href":"http:\/\/ekenasfotoklubb.org\/index.php?rest_route=%2Fwp%2Fv2%2Fcategories&post=1996"},{"taxonomy":"post_tag","embeddable":true,"href":"http:\/\/ekenasfotoklubb.org\/index.php?rest_route=%2Fwp%2Fv2%2Ftags&post=1996"},{"taxonomy":"table_tags","embeddable":true,"href":"http:\/\/ekenasfotoklubb.org\/index.php?rest_route=%2Fwp%2Fv2%2Ftable_tags&post=1996"}],"curies":[{"name":"wp","href":"https:\/\/api.w.org\/{rel}","templated":true}]}}