{"id":2041,"date":"2018-11-05T21:20:55","date_gmt":"2018-11-05T19:20:55","guid":{"rendered":"http:\/\/ekenasfotoklubb.org\/?p=2041"},"modified":"2018-11-07T23:24:02","modified_gmt":"2018-11-07T21:24:02","slug":"manadsmote-7-11-kl-18-30","status":"publish","type":"post","link":"http:\/\/ekenasfotoklubb.org\/?p=2041","title":{"rendered":"M\u00e5nadsm\u00f6te 7.11.kl 18.30"},"content":{"rendered":"<p>Under november m\u00e5nadsm\u00f6te g\u00e4stades klubben av <strong>Kenneth Weber<\/strong> som h\u00f6ll en inspirerande och intressant presentation om hur han fotar vilt. Han demonstrerade den tekniska utrustningen och visade verkligt fina bilder. Uppslutningen p\u00e5 m\u00f6tet var stort och mansdominerat som ses av bilderna.<\/p>\n<p><a href=\"http:\/\/ekenasfotoklubb.org\/wp-content\/uploads\/2018\/11\/Weber-1.jpg\"><img loading=\"lazy\" class=\"alignnone size-medium wp-image-2048\" src=\"http:\/\/ekenasfotoklubb.org\/wp-content\/uploads\/2018\/11\/Weber-1-300x217.jpg\" alt=\"\" width=\"300\" height=\"217\" srcset=\"http:\/\/ekenasfotoklubb.org\/wp-content\/uploads\/2018\/11\/Weber-1-300x217.jpg 300w, http:\/\/ekenasfotoklubb.org\/wp-content\/uploads\/2018\/11\/Weber-1-768x555.jpg 768w, http:\/\/ekenasfotoklubb.org\/wp-content\/uploads\/2018\/11\/Weber-1-1024x740.jpg 1024w, http:\/\/ekenasfotoklubb.org\/wp-content\/uploads\/2018\/11\/Weber-1-415x300.jpg 415w, http:\/\/ekenasfotoklubb.org\/wp-content\/uploads\/2018\/11\/Weber-1.jpg 1661w\" sizes=\"(max-width: 300px) 100vw, 300px\" \/><\/a> <a href=\"http:\/\/ekenasfotoklubb.org\/wp-content\/uploads\/2018\/11\/Weber-2.jpg\"><img loading=\"lazy\" class=\"alignnone size-medium wp-image-2049\" src=\"http:\/\/ekenasfotoklubb.org\/wp-content\/uploads\/2018\/11\/Weber-2-300x217.jpg\" alt=\"\" width=\"300\" height=\"217\" srcset=\"http:\/\/ekenasfotoklubb.org\/wp-content\/uploads\/2018\/11\/Weber-2-300x217.jpg 300w, http:\/\/ekenasfotoklubb.org\/wp-content\/uploads\/2018\/11\/Weber-2-768x555.jpg 768w, http:\/\/ekenasfotoklubb.org\/wp-content\/uploads\/2018\/11\/Weber-2-1024x740.jpg 1024w, http:\/\/ekenasfotoklubb.org\/wp-content\/uploads\/2018\/11\/Weber-2-415x300.jpg 415w, http:\/\/ekenasfotoklubb.org\/wp-content\/uploads\/2018\/11\/Weber-2.jpg 1661w\" sizes=\"(max-width: 300px) 100vw, 300px\" \/><\/a> <a href=\"http:\/\/ekenasfotoklubb.org\/wp-content\/uploads\/2018\/11\/Weber-3.jpg\"><img loading=\"lazy\" class=\"alignnone size-medium wp-image-2050\" src=\"http:\/\/ekenasfotoklubb.org\/wp-content\/uploads\/2018\/11\/Weber-3-300x217.jpg\" alt=\"\" width=\"300\" height=\"217\" srcset=\"http:\/\/ekenasfotoklubb.org\/wp-content\/uploads\/2018\/11\/Weber-3-300x217.jpg 300w, http:\/\/ekenasfotoklubb.org\/wp-content\/uploads\/2018\/11\/Weber-3-768x555.jpg 768w, http:\/\/ekenasfotoklubb.org\/wp-content\/uploads\/2018\/11\/Weber-3-1024x740.jpg 1024w, http:\/\/ekenasfotoklubb.org\/wp-content\/uploads\/2018\/11\/Weber-3-415x300.jpg 415w, http:\/\/ekenasfotoklubb.org\/wp-content\/uploads\/2018\/11\/Weber-3.jpg 1661w\" sizes=\"(max-width: 300px) 100vw, 300px\" \/><\/a><\/p>\n","protected":false},"excerpt":{"rendered":"<p>Under november m\u00e5nadsm\u00f6te g\u00e4stades klubben av Kenneth Weber som h\u00f6ll en inspirerande och intressant presentation om hur han fotar vilt. Han demonstrerade den tekniska utrustningen och visade verkligt fina bilder. Uppslutningen p\u00e5 m\u00f6tet var stort och mansdominerat som ses av bilderna. &hellip; <a class=\"more-link\" href=\"http:\/\/ekenasfotoklubb.org\/?p=2041\">L\u00e4s mer <span class=\"meta-nav\">&rarr;<\/span><\/a><\/p>\n","protected":false},"author":3,"featured_media":0,"comment_status":"closed","ping_status":"closed","sticky":false,"template":"","format":"standard","meta":{"ngg_post_thumbnail":0},"categories":[1],"tags":[],"table_tags":[],"_links":{"self":[{"href":"http:\/\/ekenasfotoklubb.org\/index.php?rest_route=\/wp\/v2\/posts\/2041"}],"collection":[{"href":"http:\/\/ekenasfotoklubb.org\/index.php?rest_route=\/wp\/v2\/posts"}],"about":[{"href":"http:\/\/ekenasfotoklubb.org\/index.php?rest_route=\/wp\/v2\/types\/post"}],"author":[{"embeddable":true,"href":"http:\/\/ekenasfotoklubb.org\/index.php?rest_route=\/wp\/v2\/users\/3"}],"replies":[{"embeddable":true,"href":"http:\/\/ekenasfotoklubb.org\/index.php?rest_route=%2Fwp%2Fv2%2Fcomments&post=2041"}],"version-history":[{"count":4,"href":"http:\/\/ekenasfotoklubb.org\/index.php?rest_route=\/wp\/v2\/posts\/2041\/revisions"}],"predecessor-version":[{"id":2051,"href":"http:\/\/ekenasfotoklubb.org\/index.php?rest_route=\/wp\/v2\/posts\/2041\/revisions\/2051"}],"wp:attachment":[{"href":"http:\/\/ekenasfotoklubb.org\/index.php?rest_route=%2Fwp%2Fv2%2Fmedia&parent=2041"}],"wp:term":[{"taxonomy":"category","embeddable":true,"href":"http:\/\/ekenasfotoklubb.org\/index.php?rest_route=%2Fwp%2Fv2%2Fcategories&post=2041"},{"taxonomy":"post_tag","embeddable":true,"href":"http:\/\/ekenasfotoklubb.org\/index.php?rest_route=%2Fwp%2Fv2%2Ftags&post=2041"},{"taxonomy":"table_tags","embeddable":true,"href":"http:\/\/ekenasfotoklubb.org\/index.php?rest_route=%2Fwp%2Fv2%2Ftable_tags&post=2041"}],"curies":[{"name":"wp","href":"https:\/\/api.w.org\/{rel}","templated":true}]}}