{"id":2103,"date":"2019-01-25T09:13:38","date_gmt":"2019-01-25T07:13:38","guid":{"rendered":"http:\/\/ekenasfotoklubb.org\/?p=2103"},"modified":"2019-01-25T09:19:03","modified_gmt":"2019-01-25T07:19:03","slug":"arsmote-och-arstavling-2019","status":"publish","type":"post","link":"http:\/\/ekenasfotoklubb.org\/?p=2103","title":{"rendered":"\u00c5rsm\u00f6te och \u00e5rst\u00e4vling 2019"},"content":{"rendered":"<p>Eken\u00e4s fotoklubb h\u00e5ller sitt \u00e5rsm\u00f6te onsdag 6.2.kl 18.30 i klubblokalen. D\u00e5 avg\u00f6rs ocks\u00e5 \u00e5rst\u00e4vlingarna = \u00e5rets h\u00f6jdpunkt. Bildinl\u00e4mning senast l\u00f6r 2.2.elektroniskt till klubbens e-postadress: ekenasfotoklubb@gmail.com. Pappersbilderna l\u00e4mnas i klubblokalen eller p\u00e5 Fotofabriken. T\u00e4vlingsregler finns under T\u00e4vlingar \/ T\u00e4vlingsregler.\u00a0 Domare \u00e4r fotograf Lina Enlund fr\u00e5n tidningen V\u00e4stra Nyland.<\/p>\n","protected":false},"excerpt":{"rendered":"<p>Eken\u00e4s fotoklubb h\u00e5ller sitt \u00e5rsm\u00f6te onsdag 6.2.kl 18.30 i klubblokalen. D\u00e5 avg\u00f6rs ocks\u00e5 \u00e5rst\u00e4vlingarna = \u00e5rets h\u00f6jdpunkt. Bildinl\u00e4mning senast l\u00f6r 2.2.elektroniskt till klubbens e-postadress: ekenasfotoklubb@gmail.com. Pappersbilderna l\u00e4mnas i klubblokalen eller p\u00e5 Fotofabriken. T\u00e4vlingsregler finns under T\u00e4vlingar \/ T\u00e4vlingsregler.\u00a0 Domare \u00e4r fotograf Lina Enlund fr\u00e5n tidningen V\u00e4stra Nyland.<\/p>\n","protected":false},"author":3,"featured_media":0,"comment_status":"closed","ping_status":"closed","sticky":false,"template":"","format":"standard","meta":{"ngg_post_thumbnail":0},"categories":[1],"tags":[],"table_tags":[],"_links":{"self":[{"href":"http:\/\/ekenasfotoklubb.org\/index.php?rest_route=\/wp\/v2\/posts\/2103"}],"collection":[{"href":"http:\/\/ekenasfotoklubb.org\/index.php?rest_route=\/wp\/v2\/posts"}],"about":[{"href":"http:\/\/ekenasfotoklubb.org\/index.php?rest_route=\/wp\/v2\/types\/post"}],"author":[{"embeddable":true,"href":"http:\/\/ekenasfotoklubb.org\/index.php?rest_route=\/wp\/v2\/users\/3"}],"replies":[{"embeddable":true,"href":"http:\/\/ekenasfotoklubb.org\/index.php?rest_route=%2Fwp%2Fv2%2Fcomments&post=2103"}],"version-history":[{"count":3,"href":"http:\/\/ekenasfotoklubb.org\/index.php?rest_route=\/wp\/v2\/posts\/2103\/revisions"}],"predecessor-version":[{"id":2106,"href":"http:\/\/ekenasfotoklubb.org\/index.php?rest_route=\/wp\/v2\/posts\/2103\/revisions\/2106"}],"wp:attachment":[{"href":"http:\/\/ekenasfotoklubb.org\/index.php?rest_route=%2Fwp%2Fv2%2Fmedia&parent=2103"}],"wp:term":[{"taxonomy":"category","embeddable":true,"href":"http:\/\/ekenasfotoklubb.org\/index.php?rest_route=%2Fwp%2Fv2%2Fcategories&post=2103"},{"taxonomy":"post_tag","embeddable":true,"href":"http:\/\/ekenasfotoklubb.org\/index.php?rest_route=%2Fwp%2Fv2%2Ftags&post=2103"},{"taxonomy":"table_tags","embeddable":true,"href":"http:\/\/ekenasfotoklubb.org\/index.php?rest_route=%2Fwp%2Fv2%2Ftable_tags&post=2103"}],"curies":[{"name":"wp","href":"https:\/\/api.w.org\/{rel}","templated":true}]}}