{"id":2207,"date":"2019-02-09T19:02:55","date_gmt":"2019-02-09T17:02:55","guid":{"rendered":"http:\/\/ekenasfotoklubb.org\/?p=2207"},"modified":"2019-02-09T19:02:55","modified_gmt":"2019-02-09T17:02:55","slug":"klubben-holl-arsmote-2019","status":"publish","type":"post","link":"http:\/\/ekenasfotoklubb.org\/?p=2207","title":{"rendered":"Klubben h\u00f6ll \u00e5rsm\u00f6te 2019"},"content":{"rendered":"<p>Eken\u00e4s fotoklubbs \u00e5rsm\u00f6te 2019 h\u00f6lls onsdag 6.2. Ett femtontal medlemmar hade m\u00f6tt upp. \u00c5rsm\u00f6tet besl\u00f6t h\u00f6ja medlemsavgiften fr\u00e5n 20 till 25 e. Styrelsen omvaldes och best\u00e5r allts\u00e5 av : Mikael B\u00e4ckman, Hans-Erik Nyman, Ulla Johnsson, Reijo Kangas, Viveka Rabehl och Roland \u00d6ster. Som ordf\u00f6rande forts\u00e4tter Peter Sj\u00f6strand.<\/p>\n<p>Resultaten fr\u00e5n \u00e5rst\u00e4vlingarna hittas under T\u00e4vlingar\/T\u00e4vlingsresultat.<\/p>\n<p>&nbsp;<\/p>\n","protected":false},"excerpt":{"rendered":"<p>Eken\u00e4s fotoklubbs \u00e5rsm\u00f6te 2019 h\u00f6lls onsdag 6.2. Ett femtontal medlemmar hade m\u00f6tt upp. \u00c5rsm\u00f6tet besl\u00f6t h\u00f6ja medlemsavgiften fr\u00e5n 20 till 25 e. Styrelsen omvaldes och best\u00e5r allts\u00e5 av : Mikael B\u00e4ckman, Hans-Erik Nyman, Ulla Johnsson, Reijo Kangas, Viveka Rabehl och Roland \u00d6ster. Som ordf\u00f6rande forts\u00e4tter Peter Sj\u00f6strand. Resultaten fr\u00e5n \u00e5rst\u00e4vlingarna hittas under T\u00e4vlingar\/T\u00e4vlingsresultat. &nbsp; &hellip; <a class=\"more-link\" href=\"http:\/\/ekenasfotoklubb.org\/?p=2207\">L\u00e4s mer <span class=\"meta-nav\">&rarr;<\/span><\/a><\/p>\n","protected":false},"author":3,"featured_media":0,"comment_status":"closed","ping_status":"closed","sticky":false,"template":"","format":"standard","meta":{"ngg_post_thumbnail":0},"categories":[1],"tags":[],"table_tags":[],"_links":{"self":[{"href":"http:\/\/ekenasfotoklubb.org\/index.php?rest_route=\/wp\/v2\/posts\/2207"}],"collection":[{"href":"http:\/\/ekenasfotoklubb.org\/index.php?rest_route=\/wp\/v2\/posts"}],"about":[{"href":"http:\/\/ekenasfotoklubb.org\/index.php?rest_route=\/wp\/v2\/types\/post"}],"author":[{"embeddable":true,"href":"http:\/\/ekenasfotoklubb.org\/index.php?rest_route=\/wp\/v2\/users\/3"}],"replies":[{"embeddable":true,"href":"http:\/\/ekenasfotoklubb.org\/index.php?rest_route=%2Fwp%2Fv2%2Fcomments&post=2207"}],"version-history":[{"count":1,"href":"http:\/\/ekenasfotoklubb.org\/index.php?rest_route=\/wp\/v2\/posts\/2207\/revisions"}],"predecessor-version":[{"id":2208,"href":"http:\/\/ekenasfotoklubb.org\/index.php?rest_route=\/wp\/v2\/posts\/2207\/revisions\/2208"}],"wp:attachment":[{"href":"http:\/\/ekenasfotoklubb.org\/index.php?rest_route=%2Fwp%2Fv2%2Fmedia&parent=2207"}],"wp:term":[{"taxonomy":"category","embeddable":true,"href":"http:\/\/ekenasfotoklubb.org\/index.php?rest_route=%2Fwp%2Fv2%2Fcategories&post=2207"},{"taxonomy":"post_tag","embeddable":true,"href":"http:\/\/ekenasfotoklubb.org\/index.php?rest_route=%2Fwp%2Fv2%2Ftags&post=2207"},{"taxonomy":"table_tags","embeddable":true,"href":"http:\/\/ekenasfotoklubb.org\/index.php?rest_route=%2Fwp%2Fv2%2Ftable_tags&post=2207"}],"curies":[{"name":"wp","href":"https:\/\/api.w.org\/{rel}","templated":true}]}}