{"id":2262,"date":"2019-03-15T10:48:39","date_gmt":"2019-03-15T08:48:39","guid":{"rendered":"http:\/\/ekenasfotoklubb.org\/?p=2262"},"modified":"2019-03-15T10:49:53","modified_gmt":"2019-03-15T08:49:53","slug":"mandagstraff-18-3","status":"publish","type":"post","link":"http:\/\/ekenasfotoklubb.org\/?p=2262","title":{"rendered":"M\u00e5ndagstr\u00e4ff 18.3."},"content":{"rendered":"<p>Inkommande m\u00e5ndag 18.3. kl 18.30 h\u00e5lls m\u00e5ndagstr\u00e4ffen med tema <strong>Fotografering och f\u00f6retagsamhet.<\/strong> Platsen f\u00f6r tr\u00e4ffen har \u00e4ndrat. I st\u00e4llet f\u00f6r p\u00e5 klubblokalen tr\u00e4ffas vi i firma Multifotos utrymmen p\u00e5 adressen <strong>Norra Strandv\u00e4gen 19,<\/strong> det s.k. Fix-huset. Man g\u00e5r in p\u00e5 g\u00e5rden via porten mittemot Eken\u00e4s Bil-Del och tar sedan f\u00f6rsta d\u00f6rren p\u00e5 v\u00e4nster hand. D\u00e4r finns skyltar i rosa och ljusbl\u00e5tt med texten J+CO. G\u00e5 upp f\u00f6r trapporna till \u00f6versta v\u00e5ningen. <span style=\"text-decoration: underline;\">Johan Ljungqvists<\/span> f\u00f6retag Multifoto har sina utrymmen d\u00e4r.<\/p>\n<p>Johan kommer tillsammans med <span style=\"text-decoration: underline;\">Peter Lundqvist<\/span> fr\u00e5n Hang\u00f6 att ber\u00e4tta om hur det \u00e4r att vara f\u00f6retagare inom fotobranschen. N\u00e4r l\u00f6nar det sig f\u00f6r en l\u00e5ngt kommen amat\u00f6rfotograf att starta en firma? Hur startar man ett f\u00f6retag inom fotobranschen. Vad allt skall man beakta?<\/p>\n<p>V\u00e4lkommen !<\/p>\n","protected":false},"excerpt":{"rendered":"<p>Inkommande m\u00e5ndag 18.3. kl 18.30 h\u00e5lls m\u00e5ndagstr\u00e4ffen med tema Fotografering och f\u00f6retagsamhet. Platsen f\u00f6r tr\u00e4ffen har \u00e4ndrat. I st\u00e4llet f\u00f6r p\u00e5 klubblokalen tr\u00e4ffas vi i firma Multifotos utrymmen p\u00e5 adressen Norra Strandv\u00e4gen 19, det s.k. Fix-huset. Man g\u00e5r in p\u00e5 g\u00e5rden via porten mittemot Eken\u00e4s Bil-Del och tar sedan f\u00f6rsta d\u00f6rren p\u00e5 v\u00e4nster hand. D\u00e4r finns skyltar i rosa och ljusbl\u00e5tt med texten J+CO. G\u00e5 upp f\u00f6r trapporna till \u00f6versta v\u00e5ningen. Johan Ljungqvists f\u00f6retag Multifoto har sina utrymmen d\u00e4r. Johan kommer tillsammans med Peter Lundqvist fr\u00e5n Hang\u00f6 att ber\u00e4tta om hur det \u00e4r att vara f\u00f6retagare inom fotobranschen. N\u00e4r l\u00f6nar &hellip; <a class=\"more-link\" href=\"http:\/\/ekenasfotoklubb.org\/?p=2262\">L\u00e4s mer <span class=\"meta-nav\">&rarr;<\/span><\/a><\/p>\n","protected":false},"author":3,"featured_media":0,"comment_status":"closed","ping_status":"closed","sticky":false,"template":"","format":"standard","meta":{"ngg_post_thumbnail":0},"categories":[1],"tags":[],"table_tags":[],"_links":{"self":[{"href":"http:\/\/ekenasfotoklubb.org\/index.php?rest_route=\/wp\/v2\/posts\/2262"}],"collection":[{"href":"http:\/\/ekenasfotoklubb.org\/index.php?rest_route=\/wp\/v2\/posts"}],"about":[{"href":"http:\/\/ekenasfotoklubb.org\/index.php?rest_route=\/wp\/v2\/types\/post"}],"author":[{"embeddable":true,"href":"http:\/\/ekenasfotoklubb.org\/index.php?rest_route=\/wp\/v2\/users\/3"}],"replies":[{"embeddable":true,"href":"http:\/\/ekenasfotoklubb.org\/index.php?rest_route=%2Fwp%2Fv2%2Fcomments&post=2262"}],"version-history":[{"count":2,"href":"http:\/\/ekenasfotoklubb.org\/index.php?rest_route=\/wp\/v2\/posts\/2262\/revisions"}],"predecessor-version":[{"id":2264,"href":"http:\/\/ekenasfotoklubb.org\/index.php?rest_route=\/wp\/v2\/posts\/2262\/revisions\/2264"}],"wp:attachment":[{"href":"http:\/\/ekenasfotoklubb.org\/index.php?rest_route=%2Fwp%2Fv2%2Fmedia&parent=2262"}],"wp:term":[{"taxonomy":"category","embeddable":true,"href":"http:\/\/ekenasfotoklubb.org\/index.php?rest_route=%2Fwp%2Fv2%2Fcategories&post=2262"},{"taxonomy":"post_tag","embeddable":true,"href":"http:\/\/ekenasfotoklubb.org\/index.php?rest_route=%2Fwp%2Fv2%2Ftags&post=2262"},{"taxonomy":"table_tags","embeddable":true,"href":"http:\/\/ekenasfotoklubb.org\/index.php?rest_route=%2Fwp%2Fv2%2Ftable_tags&post=2262"}],"curies":[{"name":"wp","href":"https:\/\/api.w.org\/{rel}","templated":true}]}}