{"id":2368,"date":"2019-04-15T22:30:04","date_gmt":"2019-04-15T19:30:04","guid":{"rendered":"http:\/\/ekenasfotoklubb.org\/?p=2368"},"modified":"2019-04-15T22:32:25","modified_gmt":"2019-04-15T19:32:25","slug":"tavlingen-manadens-bild-avgjord","status":"publish","type":"post","link":"http:\/\/ekenasfotoklubb.org\/?p=2368","title":{"rendered":"T\u00e4vlingen &#8220;m\u00e5nadens bild&#8221; avgjord"},"content":{"rendered":"<p>Tema f\u00f6r t\u00e4vlingen var denna g\u00e5ng<strong> &#8220;Portr\u00e4tt&#8221;<\/strong>. Den vinnande bilden togs av <span style=\"text-decoration: underline;\">Viveka Rabehl.<\/span> Andra platsen delades mellan <span style=\"text-decoration: underline;\">Peter Sj\u00f6strand och Roland \u00d6ster. Anita Valtonen<\/span> kom trea. Du hittar bilderna och n\u00e4rmare uppgifter om resultaten under Bilder\/M\u00e5nadens bild.<\/p>\n","protected":false},"excerpt":{"rendered":"<p>Tema f\u00f6r t\u00e4vlingen var denna g\u00e5ng &#8220;Portr\u00e4tt&#8221;. Den vinnande bilden togs av Viveka Rabehl. Andra platsen delades mellan Peter Sj\u00f6strand och Roland \u00d6ster. Anita Valtonen kom trea. Du hittar bilderna och n\u00e4rmare uppgifter om resultaten under Bilder\/M\u00e5nadens bild. &hellip; <a class=\"more-link\" href=\"http:\/\/ekenasfotoklubb.org\/?p=2368\">L\u00e4s mer <span class=\"meta-nav\">&rarr;<\/span><\/a><\/p>\n","protected":false},"author":3,"featured_media":0,"comment_status":"closed","ping_status":"closed","sticky":false,"template":"","format":"standard","meta":{"ngg_post_thumbnail":0},"categories":[1],"tags":[],"table_tags":[],"_links":{"self":[{"href":"http:\/\/ekenasfotoklubb.org\/index.php?rest_route=\/wp\/v2\/posts\/2368"}],"collection":[{"href":"http:\/\/ekenasfotoklubb.org\/index.php?rest_route=\/wp\/v2\/posts"}],"about":[{"href":"http:\/\/ekenasfotoklubb.org\/index.php?rest_route=\/wp\/v2\/types\/post"}],"author":[{"embeddable":true,"href":"http:\/\/ekenasfotoklubb.org\/index.php?rest_route=\/wp\/v2\/users\/3"}],"replies":[{"embeddable":true,"href":"http:\/\/ekenasfotoklubb.org\/index.php?rest_route=%2Fwp%2Fv2%2Fcomments&post=2368"}],"version-history":[{"count":4,"href":"http:\/\/ekenasfotoklubb.org\/index.php?rest_route=\/wp\/v2\/posts\/2368\/revisions"}],"predecessor-version":[{"id":2372,"href":"http:\/\/ekenasfotoklubb.org\/index.php?rest_route=\/wp\/v2\/posts\/2368\/revisions\/2372"}],"wp:attachment":[{"href":"http:\/\/ekenasfotoklubb.org\/index.php?rest_route=%2Fwp%2Fv2%2Fmedia&parent=2368"}],"wp:term":[{"taxonomy":"category","embeddable":true,"href":"http:\/\/ekenasfotoklubb.org\/index.php?rest_route=%2Fwp%2Fv2%2Fcategories&post=2368"},{"taxonomy":"post_tag","embeddable":true,"href":"http:\/\/ekenasfotoklubb.org\/index.php?rest_route=%2Fwp%2Fv2%2Ftags&post=2368"},{"taxonomy":"table_tags","embeddable":true,"href":"http:\/\/ekenasfotoklubb.org\/index.php?rest_route=%2Fwp%2Fv2%2Ftable_tags&post=2368"}],"curies":[{"name":"wp","href":"https:\/\/api.w.org\/{rel}","templated":true}]}}