{"id":2421,"date":"2019-08-31T16:27:52","date_gmt":"2019-08-31T13:27:52","guid":{"rendered":"http:\/\/ekenasfotoklubb.org\/?p=2421"},"modified":"2019-08-31T16:27:52","modified_gmt":"2019-08-31T13:27:52","slug":"septembermanads-mote-4-9","status":"publish","type":"post","link":"http:\/\/ekenasfotoklubb.org\/?p=2421","title":{"rendered":"Septemberm\u00e5nads m\u00f6te 4.9."},"content":{"rendered":"<p>Hoppas alla kunnat njuta av sommaren! <span style=\"text-decoration: underline;\">H\u00f6stens f\u00f6rsta m\u00f6te<\/span> h\u00e5lls <strong>onsdag 4.9. 18.30 p\u00e5 klubben<\/strong>. P\u00e5 programmet \u00e4r en presentation\/genomg\u00e5ng av h\u00f6stens program varefter fotouppgifter delas ut. S\u00e5 ta med kameran. Alla gamla och nya medlemmar \u00e4r v\u00e4lkomna!<\/p>\n<p>OBS! Gl\u00f6m inte <strong>Hang\u00f6 fotofestival<\/strong> l\u00f6rdag 7.9. p\u00e5 stadshuset, Berggatan 1.Programmet \u00e4r h\u00f6gklassiskt! N\u00e4rmare uppgifter om programmet p\u00e5 hemsidan www.hankofotofestival.fi. Se ocks\u00e5 klubbens medlemscirkul\u00e4r.<\/p>\n","protected":false},"excerpt":{"rendered":"<p>Hoppas alla kunnat njuta av sommaren! H\u00f6stens f\u00f6rsta m\u00f6te h\u00e5lls onsdag 4.9. 18.30 p\u00e5 klubben. P\u00e5 programmet \u00e4r en presentation\/genomg\u00e5ng av h\u00f6stens program varefter fotouppgifter delas ut. S\u00e5 ta med kameran. Alla gamla och nya medlemmar \u00e4r v\u00e4lkomna! OBS! Gl\u00f6m inte Hang\u00f6 fotofestival l\u00f6rdag 7.9. p\u00e5 stadshuset, Berggatan 1.Programmet \u00e4r h\u00f6gklassiskt! N\u00e4rmare uppgifter om programmet p\u00e5 hemsidan www.hankofotofestival.fi. Se ocks\u00e5 klubbens medlemscirkul\u00e4r. &hellip; <a class=\"more-link\" href=\"http:\/\/ekenasfotoklubb.org\/?p=2421\">L\u00e4s mer <span class=\"meta-nav\">&rarr;<\/span><\/a><\/p>\n","protected":false},"author":3,"featured_media":0,"comment_status":"closed","ping_status":"closed","sticky":false,"template":"","format":"standard","meta":{"ngg_post_thumbnail":0},"categories":[1],"tags":[],"table_tags":[],"_links":{"self":[{"href":"http:\/\/ekenasfotoklubb.org\/index.php?rest_route=\/wp\/v2\/posts\/2421"}],"collection":[{"href":"http:\/\/ekenasfotoklubb.org\/index.php?rest_route=\/wp\/v2\/posts"}],"about":[{"href":"http:\/\/ekenasfotoklubb.org\/index.php?rest_route=\/wp\/v2\/types\/post"}],"author":[{"embeddable":true,"href":"http:\/\/ekenasfotoklubb.org\/index.php?rest_route=\/wp\/v2\/users\/3"}],"replies":[{"embeddable":true,"href":"http:\/\/ekenasfotoklubb.org\/index.php?rest_route=%2Fwp%2Fv2%2Fcomments&post=2421"}],"version-history":[{"count":1,"href":"http:\/\/ekenasfotoklubb.org\/index.php?rest_route=\/wp\/v2\/posts\/2421\/revisions"}],"predecessor-version":[{"id":2422,"href":"http:\/\/ekenasfotoklubb.org\/index.php?rest_route=\/wp\/v2\/posts\/2421\/revisions\/2422"}],"wp:attachment":[{"href":"http:\/\/ekenasfotoklubb.org\/index.php?rest_route=%2Fwp%2Fv2%2Fmedia&parent=2421"}],"wp:term":[{"taxonomy":"category","embeddable":true,"href":"http:\/\/ekenasfotoklubb.org\/index.php?rest_route=%2Fwp%2Fv2%2Fcategories&post=2421"},{"taxonomy":"post_tag","embeddable":true,"href":"http:\/\/ekenasfotoklubb.org\/index.php?rest_route=%2Fwp%2Fv2%2Ftags&post=2421"},{"taxonomy":"table_tags","embeddable":true,"href":"http:\/\/ekenasfotoklubb.org\/index.php?rest_route=%2Fwp%2Fv2%2Ftable_tags&post=2421"}],"curies":[{"name":"wp","href":"https:\/\/api.w.org\/{rel}","templated":true}]}}