{"id":2425,"date":"2019-09-13T09:38:08","date_gmt":"2019-09-13T06:38:08","guid":{"rendered":"http:\/\/ekenasfotoklubb.org\/?p=2425"},"modified":"2019-09-13T09:38:08","modified_gmt":"2019-09-13T06:38:08","slug":"utfard-till-vasterby-friluftsomrade-16-9","status":"publish","type":"post","link":"http:\/\/ekenasfotoklubb.org\/?p=2425","title":{"rendered":"Utf\u00e4rd till V\u00e4sterby friluftsomr\u00e5de 16.9."},"content":{"rendered":"<p>M\u00e5ndag 16.9. \u00e5ker vi till Eken\u00e4s jaktv\u00e5rdsf\u00f6renings grillk\u00e5ta vid Bj\u00f6rkk\u00e4rrsv\u00e4gen i V\u00e4sterby. Sam\u00e5kning fr\u00e5n klubblokalen med start kl 17.30. Klubben bjuder p\u00e5 korv.\u00a0 N\u00e4rmare information i klubbens cirkul\u00e4r.<\/p>\n","protected":false},"excerpt":{"rendered":"<p>M\u00e5ndag 16.9. \u00e5ker vi till Eken\u00e4s jaktv\u00e5rdsf\u00f6renings grillk\u00e5ta vid Bj\u00f6rkk\u00e4rrsv\u00e4gen i V\u00e4sterby. Sam\u00e5kning fr\u00e5n klubblokalen med start kl 17.30. Klubben bjuder p\u00e5 korv.\u00a0 N\u00e4rmare information i klubbens cirkul\u00e4r.<\/p>\n","protected":false},"author":3,"featured_media":0,"comment_status":"closed","ping_status":"closed","sticky":false,"template":"","format":"standard","meta":{"ngg_post_thumbnail":0},"categories":[1],"tags":[],"table_tags":[],"_links":{"self":[{"href":"http:\/\/ekenasfotoklubb.org\/index.php?rest_route=\/wp\/v2\/posts\/2425"}],"collection":[{"href":"http:\/\/ekenasfotoklubb.org\/index.php?rest_route=\/wp\/v2\/posts"}],"about":[{"href":"http:\/\/ekenasfotoklubb.org\/index.php?rest_route=\/wp\/v2\/types\/post"}],"author":[{"embeddable":true,"href":"http:\/\/ekenasfotoklubb.org\/index.php?rest_route=\/wp\/v2\/users\/3"}],"replies":[{"embeddable":true,"href":"http:\/\/ekenasfotoklubb.org\/index.php?rest_route=%2Fwp%2Fv2%2Fcomments&post=2425"}],"version-history":[{"count":1,"href":"http:\/\/ekenasfotoklubb.org\/index.php?rest_route=\/wp\/v2\/posts\/2425\/revisions"}],"predecessor-version":[{"id":2426,"href":"http:\/\/ekenasfotoklubb.org\/index.php?rest_route=\/wp\/v2\/posts\/2425\/revisions\/2426"}],"wp:attachment":[{"href":"http:\/\/ekenasfotoklubb.org\/index.php?rest_route=%2Fwp%2Fv2%2Fmedia&parent=2425"}],"wp:term":[{"taxonomy":"category","embeddable":true,"href":"http:\/\/ekenasfotoklubb.org\/index.php?rest_route=%2Fwp%2Fv2%2Fcategories&post=2425"},{"taxonomy":"post_tag","embeddable":true,"href":"http:\/\/ekenasfotoklubb.org\/index.php?rest_route=%2Fwp%2Fv2%2Ftags&post=2425"},{"taxonomy":"table_tags","embeddable":true,"href":"http:\/\/ekenasfotoklubb.org\/index.php?rest_route=%2Fwp%2Fv2%2Ftable_tags&post=2425"}],"curies":[{"name":"wp","href":"https:\/\/api.w.org\/{rel}","templated":true}]}}