{"id":2520,"date":"2019-12-07T17:19:07","date_gmt":"2019-12-07T15:19:07","guid":{"rendered":"http:\/\/ekenasfotoklubb.org\/?p=2520"},"modified":"2019-12-07T17:19:07","modified_gmt":"2019-12-07T15:19:07","slug":"mandagstraff-16-12-kl-18-30","status":"publish","type":"post","link":"http:\/\/ekenasfotoklubb.org\/?p=2520","title":{"rendered":"M\u00e5ndagstr\u00e4ff 16.12.kl 18.30"},"content":{"rendered":"<p>M\u00e5ndag 16.12. g\u00e4stas klubben av naturfotografen <strong>Lars Sundstr\u00f6m<\/strong> fr\u00e5n Karis, som presenterar sin nya bok <em>&#8220;\u00d6gonblick &#8211; Silm\u00e4nr\u00e4p\u00e4yksess\u00e4&#8221;.<\/em> En givande kv\u00e4ll \u00e4r att v\u00e4nta. Det blir ocks\u00e5 gl\u00f6gg och pepparkakor!!<\/p>\n<p><a href=\"http:\/\/ekenasfotoklubb.org\/wp-content\/uploads\/2019\/12\/Sundstr\u00f6m.jpg\"><img loading=\"lazy\" class=\"alignnone size-medium wp-image-2521\" src=\"http:\/\/ekenasfotoklubb.org\/wp-content\/uploads\/2019\/12\/Sundstr\u00f6m-300x247.jpg\" alt=\"\" width=\"300\" height=\"247\" srcset=\"http:\/\/ekenasfotoklubb.org\/wp-content\/uploads\/2019\/12\/Sundstr\u00f6m-300x247.jpg 300w, http:\/\/ekenasfotoklubb.org\/wp-content\/uploads\/2019\/12\/Sundstr\u00f6m-768x633.jpg 768w, http:\/\/ekenasfotoklubb.org\/wp-content\/uploads\/2019\/12\/Sundstr\u00f6m-1024x844.jpg 1024w, http:\/\/ekenasfotoklubb.org\/wp-content\/uploads\/2019\/12\/Sundstr\u00f6m-364x300.jpg 364w, http:\/\/ekenasfotoklubb.org\/wp-content\/uploads\/2019\/12\/Sundstr\u00f6m.jpg 1456w\" sizes=\"(max-width: 300px) 100vw, 300px\" \/><\/a><\/p>\n","protected":false},"excerpt":{"rendered":"<p>M\u00e5ndag 16.12. g\u00e4stas klubben av naturfotografen Lars Sundstr\u00f6m fr\u00e5n Karis, som presenterar sin nya bok &#8220;\u00d6gonblick &#8211; Silm\u00e4nr\u00e4p\u00e4yksess\u00e4&#8221;. En givande kv\u00e4ll \u00e4r att v\u00e4nta. Det blir ocks\u00e5 gl\u00f6gg och pepparkakor!! &hellip; <a class=\"more-link\" href=\"http:\/\/ekenasfotoklubb.org\/?p=2520\">L\u00e4s mer <span class=\"meta-nav\">&rarr;<\/span><\/a><\/p>\n","protected":false},"author":3,"featured_media":0,"comment_status":"closed","ping_status":"closed","sticky":false,"template":"","format":"standard","meta":{"ngg_post_thumbnail":0},"categories":[1],"tags":[],"table_tags":[],"_links":{"self":[{"href":"http:\/\/ekenasfotoklubb.org\/index.php?rest_route=\/wp\/v2\/posts\/2520"}],"collection":[{"href":"http:\/\/ekenasfotoklubb.org\/index.php?rest_route=\/wp\/v2\/posts"}],"about":[{"href":"http:\/\/ekenasfotoklubb.org\/index.php?rest_route=\/wp\/v2\/types\/post"}],"author":[{"embeddable":true,"href":"http:\/\/ekenasfotoklubb.org\/index.php?rest_route=\/wp\/v2\/users\/3"}],"replies":[{"embeddable":true,"href":"http:\/\/ekenasfotoklubb.org\/index.php?rest_route=%2Fwp%2Fv2%2Fcomments&post=2520"}],"version-history":[{"count":1,"href":"http:\/\/ekenasfotoklubb.org\/index.php?rest_route=\/wp\/v2\/posts\/2520\/revisions"}],"predecessor-version":[{"id":2522,"href":"http:\/\/ekenasfotoklubb.org\/index.php?rest_route=\/wp\/v2\/posts\/2520\/revisions\/2522"}],"wp:attachment":[{"href":"http:\/\/ekenasfotoklubb.org\/index.php?rest_route=%2Fwp%2Fv2%2Fmedia&parent=2520"}],"wp:term":[{"taxonomy":"category","embeddable":true,"href":"http:\/\/ekenasfotoklubb.org\/index.php?rest_route=%2Fwp%2Fv2%2Fcategories&post=2520"},{"taxonomy":"post_tag","embeddable":true,"href":"http:\/\/ekenasfotoklubb.org\/index.php?rest_route=%2Fwp%2Fv2%2Ftags&post=2520"},{"taxonomy":"table_tags","embeddable":true,"href":"http:\/\/ekenasfotoklubb.org\/index.php?rest_route=%2Fwp%2Fv2%2Ftable_tags&post=2520"}],"curies":[{"name":"wp","href":"https:\/\/api.w.org\/{rel}","templated":true}]}}