{"id":2571,"date":"2020-02-18T08:56:45","date_gmt":"2020-02-18T06:56:45","guid":{"rendered":"http:\/\/ekenasfotoklubb.org\/?p=2571"},"modified":"2020-02-19T14:11:25","modified_gmt":"2020-02-19T12:11:25","slug":"mandagstraff-17-2-2020","status":"publish","type":"post","link":"http:\/\/ekenasfotoklubb.org\/?p=2571","title":{"rendered":"M\u00e5ndagstr\u00e4ff 17.2.2020"},"content":{"rendered":"<p>Temat f\u00f6r m\u00e5ndagstr\u00e4ffen var att presentera v\u00e5rens planerade klubb-aktiviteter och f\u00f6r att samla kommentarer och id\u00e9er b\u00e5de f\u00f6r h\u00f6sten och f\u00f6r klubbens verksamhet \u00f6verlag. Diskussionen gick gl\u00e4djande het hela kv\u00e4llen \ud83d\ude42<br \/>\n<a href=\"http:\/\/ekenasfotoklubb.org\/wp-content\/uploads\/2020\/02\/86354467_2693425357402262_8890790050288107520_o.jpg\"><img loading=\"lazy\" class=\"alignnone size-medium wp-image-2573\" src=\"http:\/\/ekenasfotoklubb.org\/wp-content\/uploads\/2020\/02\/86354467_2693425357402262_8890790050288107520_o-300x206.jpg\" alt=\"\" width=\"300\" height=\"206\" srcset=\"http:\/\/ekenasfotoklubb.org\/wp-content\/uploads\/2020\/02\/86354467_2693425357402262_8890790050288107520_o-300x206.jpg 300w, http:\/\/ekenasfotoklubb.org\/wp-content\/uploads\/2020\/02\/86354467_2693425357402262_8890790050288107520_o-436x300.jpg 436w, http:\/\/ekenasfotoklubb.org\/wp-content\/uploads\/2020\/02\/86354467_2693425357402262_8890790050288107520_o.jpg 750w\" sizes=\"(max-width: 300px) 100vw, 300px\" \/><\/a> &nbsp; &nbsp; &nbsp; <a href=\"http:\/\/ekenasfotoklubb.org\/wp-content\/uploads\/2020\/02\/86383318_2693425380735593_1954392312192696320_o.jpg\"><img loading=\"lazy\" class=\"alignnone size-medium wp-image-2574\" src=\"http:\/\/ekenasfotoklubb.org\/wp-content\/uploads\/2020\/02\/86383318_2693425380735593_1954392312192696320_o-300x184.jpg\" alt=\"\" width=\"300\" height=\"184\" srcset=\"http:\/\/ekenasfotoklubb.org\/wp-content\/uploads\/2020\/02\/86383318_2693425380735593_1954392312192696320_o-300x184.jpg 300w, http:\/\/ekenasfotoklubb.org\/wp-content\/uploads\/2020\/02\/86383318_2693425380735593_1954392312192696320_o-490x300.jpg 490w, http:\/\/ekenasfotoklubb.org\/wp-content\/uploads\/2020\/02\/86383318_2693425380735593_1954392312192696320_o.jpg 700w\" sizes=\"(max-width: 300px) 100vw, 300px\" \/><\/a><\/p>\n<p>Fotografier av Tony Axberg<\/p>\n","protected":false},"excerpt":{"rendered":"<p>Temat f\u00f6r m\u00e5ndagstr\u00e4ffen var att presentera v\u00e5rens planerade klubb-aktiviteter och f\u00f6r att samla kommentarer och id\u00e9er b\u00e5de f\u00f6r h\u00f6sten och f\u00f6r klubbens verksamhet \u00f6verlag. Diskussionen gick gl\u00e4djande het hela kv\u00e4llen \ud83d\ude42 &nbsp; &nbsp; &nbsp; Fotografier av Tony Axberg &hellip; <a class=\"more-link\" href=\"http:\/\/ekenasfotoklubb.org\/?p=2571\">L\u00e4s mer <span class=\"meta-nav\">&rarr;<\/span><\/a><\/p>\n","protected":false},"author":17,"featured_media":0,"comment_status":"closed","ping_status":"closed","sticky":false,"template":"","format":"standard","meta":{"ngg_post_thumbnail":0},"categories":[1],"tags":[],"table_tags":[],"_links":{"self":[{"href":"http:\/\/ekenasfotoklubb.org\/index.php?rest_route=\/wp\/v2\/posts\/2571"}],"collection":[{"href":"http:\/\/ekenasfotoklubb.org\/index.php?rest_route=\/wp\/v2\/posts"}],"about":[{"href":"http:\/\/ekenasfotoklubb.org\/index.php?rest_route=\/wp\/v2\/types\/post"}],"author":[{"embeddable":true,"href":"http:\/\/ekenasfotoklubb.org\/index.php?rest_route=\/wp\/v2\/users\/17"}],"replies":[{"embeddable":true,"href":"http:\/\/ekenasfotoklubb.org\/index.php?rest_route=%2Fwp%2Fv2%2Fcomments&post=2571"}],"version-history":[{"count":3,"href":"http:\/\/ekenasfotoklubb.org\/index.php?rest_route=\/wp\/v2\/posts\/2571\/revisions"}],"predecessor-version":[{"id":2580,"href":"http:\/\/ekenasfotoklubb.org\/index.php?rest_route=\/wp\/v2\/posts\/2571\/revisions\/2580"}],"wp:attachment":[{"href":"http:\/\/ekenasfotoklubb.org\/index.php?rest_route=%2Fwp%2Fv2%2Fmedia&parent=2571"}],"wp:term":[{"taxonomy":"category","embeddable":true,"href":"http:\/\/ekenasfotoklubb.org\/index.php?rest_route=%2Fwp%2Fv2%2Fcategories&post=2571"},{"taxonomy":"post_tag","embeddable":true,"href":"http:\/\/ekenasfotoklubb.org\/index.php?rest_route=%2Fwp%2Fv2%2Ftags&post=2571"},{"taxonomy":"table_tags","embeddable":true,"href":"http:\/\/ekenasfotoklubb.org\/index.php?rest_route=%2Fwp%2Fv2%2Ftable_tags&post=2571"}],"curies":[{"name":"wp","href":"https:\/\/api.w.org\/{rel}","templated":true}]}}