{"id":2585,"date":"2020-03-10T10:10:33","date_gmt":"2020-03-10T08:10:33","guid":{"rendered":"http:\/\/ekenasfotoklubb.org\/?p=2585"},"modified":"2020-03-10T10:10:33","modified_gmt":"2020-03-10T08:10:33","slug":"mandagstraff-16-3-2020","status":"publish","type":"post","link":"http:\/\/ekenasfotoklubb.org\/?p=2585","title":{"rendered":"M\u00e5ndagstr\u00e4ff 16.3.2020"},"content":{"rendered":"<p>P\u00e5 m\u00e5ndagstr\u00e4ffen 16.3 kommer vi att ha tv\u00e5 f\u00f6r klubben nya aktiviteter.<\/p>\n<ol>\n<li>Fotograf\/Medlems-presentation.&nbsp;\n<ul>\n<li>En kort presentation framf\u00f6rd av klubbmedlem, ~15-20min.&nbsp;<\/li>\n<li>Presentationen kan inneh\u00e5lla n\u00e5t i stil med: Kort personhistoria, personens &#8220;fotograferingshistoria&#8221;, fotoutrustning, personliga intressen inom fotografering, favoritbilder, etc.<\/li>\n<li>Vid den h\u00e4r tr\u00e4ffen kommer vi att f\u00e5 h\u00f6ra presentationer av Kenneth Weber och Viveka Rabehl<\/li>\n<\/ul>\n<\/li>\n<li>Bildbed\u00f6mning \/ bildkritik\n<ul>\n<li>N\u00e5gra medlemmar f\u00e5r i uppgift att p\u00e5 f\u00f6rhand bekanta sig med och bed\u00f6ma ett antal dittills obekanta fotografier.&nbsp;<\/li>\n<li>Under tr\u00e4ffen kommer dessa medlemmar att visa bilderna man f\u00e5tt och ge en bed\u00f6mning av dom.<\/li>\n<li>Alla har sina egna kriterier f\u00f6r hur ett bra fotografi ser ut, fototekniskt sett, konstn\u00e4rlighet, ber\u00e4ttande, komposition, etc, etc<\/li>\n<li>Vid den h\u00e4r tr\u00e4ffen kommer vi att f\u00e5 ta del av bildbed\u00f6mningar av Tony Axberg, Peter Sj\u00f6strand och Roland \u00d6ster<\/li>\n<\/ul>\n<\/li>\n<\/ol>\n","protected":false},"excerpt":{"rendered":"<p>P\u00e5 m\u00e5ndagstr\u00e4ffen 16.3 kommer vi att ha tv\u00e5 f\u00f6r klubben nya aktiviteter. Fotograf\/Medlems-presentation.&nbsp; En kort presentation framf\u00f6rd av klubbmedlem, ~15-20min.&nbsp; Presentationen kan inneh\u00e5lla n\u00e5t i stil med: Kort personhistoria, personens &#8220;fotograferingshistoria&#8221;, fotoutrustning, personliga intressen inom fotografering, favoritbilder, etc. Vid den h\u00e4r tr\u00e4ffen kommer vi att f\u00e5 h\u00f6ra presentationer av Kenneth Weber och Viveka Rabehl Bildbed\u00f6mning \/ bildkritik N\u00e5gra medlemmar f\u00e5r i uppgift att p\u00e5 f\u00f6rhand bekanta sig med och bed\u00f6ma ett antal dittills obekanta fotografier.&nbsp; Under tr\u00e4ffen kommer dessa medlemmar att visa bilderna man f\u00e5tt och ge en bed\u00f6mning av dom. Alla har sina egna kriterier f\u00f6r hur ett bra &hellip; <a class=\"more-link\" href=\"http:\/\/ekenasfotoklubb.org\/?p=2585\">L\u00e4s mer <span class=\"meta-nav\">&rarr;<\/span><\/a><\/p>\n","protected":false},"author":17,"featured_media":0,"comment_status":"closed","ping_status":"closed","sticky":false,"template":"","format":"standard","meta":{"ngg_post_thumbnail":0},"categories":[1],"tags":[],"table_tags":[],"_links":{"self":[{"href":"http:\/\/ekenasfotoklubb.org\/index.php?rest_route=\/wp\/v2\/posts\/2585"}],"collection":[{"href":"http:\/\/ekenasfotoklubb.org\/index.php?rest_route=\/wp\/v2\/posts"}],"about":[{"href":"http:\/\/ekenasfotoklubb.org\/index.php?rest_route=\/wp\/v2\/types\/post"}],"author":[{"embeddable":true,"href":"http:\/\/ekenasfotoklubb.org\/index.php?rest_route=\/wp\/v2\/users\/17"}],"replies":[{"embeddable":true,"href":"http:\/\/ekenasfotoklubb.org\/index.php?rest_route=%2Fwp%2Fv2%2Fcomments&post=2585"}],"version-history":[{"count":1,"href":"http:\/\/ekenasfotoklubb.org\/index.php?rest_route=\/wp\/v2\/posts\/2585\/revisions"}],"predecessor-version":[{"id":2586,"href":"http:\/\/ekenasfotoklubb.org\/index.php?rest_route=\/wp\/v2\/posts\/2585\/revisions\/2586"}],"wp:attachment":[{"href":"http:\/\/ekenasfotoklubb.org\/index.php?rest_route=%2Fwp%2Fv2%2Fmedia&parent=2585"}],"wp:term":[{"taxonomy":"category","embeddable":true,"href":"http:\/\/ekenasfotoklubb.org\/index.php?rest_route=%2Fwp%2Fv2%2Fcategories&post=2585"},{"taxonomy":"post_tag","embeddable":true,"href":"http:\/\/ekenasfotoklubb.org\/index.php?rest_route=%2Fwp%2Fv2%2Ftags&post=2585"},{"taxonomy":"table_tags","embeddable":true,"href":"http:\/\/ekenasfotoklubb.org\/index.php?rest_route=%2Fwp%2Fv2%2Ftable_tags&post=2585"}],"curies":[{"name":"wp","href":"https:\/\/api.w.org\/{rel}","templated":true}]}}