{"id":2637,"date":"2020-06-04T08:21:01","date_gmt":"2020-06-04T05:21:01","guid":{"rendered":"http:\/\/ekenasfotoklubb.org\/?p=2637"},"modified":"2020-06-04T09:10:08","modified_gmt":"2020-06-04T06:10:08","slug":"tematavling-reflektion","status":"publish","type":"post","link":"http:\/\/ekenasfotoklubb.org\/?p=2637","title":{"rendered":"Temat\u00e4vling &#8220;Reflektion&#8221;"},"content":{"rendered":"<p>Fotoklubbens andra temat\u00e4vling f\u00f6r v\u00e5rs\u00e4songen, den h\u00e4r med temat &#8220;Reflektion&#8221; avgjordes s\u00f6ndagen 31.5 d\u00e5 r\u00f6stningen var klar. F\u00f6ljande tre bilder fick mest r\u00f6ster:<\/p>\n<div>1. Rolle,&nbsp; Bild nr. 7 &#8211; &#8220;Ljus bland m\u00f6rkret&#8221;,&nbsp; 12p<\/div>\n<div>2. Reijo,&nbsp; Bild nr. 11 &#8211; &#8220;Reflektion 1&#8221;,&nbsp; &nbsp; &nbsp; &nbsp; &nbsp; &nbsp;11p<\/div>\n<div>3. Anita,&nbsp; Bild nr. 24 &#8211; &#8220;Stugliv&#8221;,&nbsp; &nbsp; &nbsp; &nbsp; &nbsp; &nbsp; &nbsp; &nbsp; &nbsp; &nbsp;10p<\/div>\n<div>\n<div id=\"attachment_2638\" style=\"width: 610px\" class=\"wp-caption alignnone\"><a href=\"http:\/\/ekenasfotoklubb.org\/wp-content\/uploads\/2020\/06\/Ljus-bland-m\u00f6rker.jpg\"><img aria-describedby=\"caption-attachment-2638\" loading=\"lazy\" class=\"wp-image-2638\" src=\"http:\/\/ekenasfotoklubb.org\/wp-content\/uploads\/2020\/06\/Ljus-bland-m\u00f6rker-1024x712.jpg\" alt=\"\" width=\"600\" height=\"417\" srcset=\"http:\/\/ekenasfotoklubb.org\/wp-content\/uploads\/2020\/06\/Ljus-bland-m\u00f6rker-1024x712.jpg 1024w, http:\/\/ekenasfotoklubb.org\/wp-content\/uploads\/2020\/06\/Ljus-bland-m\u00f6rker-300x209.jpg 300w, http:\/\/ekenasfotoklubb.org\/wp-content\/uploads\/2020\/06\/Ljus-bland-m\u00f6rker-768x534.jpg 768w, http:\/\/ekenasfotoklubb.org\/wp-content\/uploads\/2020\/06\/Ljus-bland-m\u00f6rker-431x300.jpg 431w, http:\/\/ekenasfotoklubb.org\/wp-content\/uploads\/2020\/06\/Ljus-bland-m\u00f6rker.jpg 1725w\" sizes=\"(max-width: 600px) 100vw, 600px\" \/><\/a><p id=\"caption-attachment-2638\" class=\"wp-caption-text\">1. Rolle,&nbsp; Bild nr. 7 &#8211; &#8220;Ljus bland m\u00f6rkret&#8221;,&nbsp; 12p<\/p><\/div>\n<div id=\"attachment_2639\" style=\"width: 610px\" class=\"wp-caption alignleft\"><a href=\"http:\/\/ekenasfotoklubb.org\/wp-content\/uploads\/2020\/06\/Reflektion-1.jpg\"><img aria-describedby=\"caption-attachment-2639\" loading=\"lazy\" class=\"wp-image-2639\" src=\"http:\/\/ekenasfotoklubb.org\/wp-content\/uploads\/2020\/06\/Reflektion-1-1024x623.jpg\" alt=\"\" width=\"600\" height=\"365\" srcset=\"http:\/\/ekenasfotoklubb.org\/wp-content\/uploads\/2020\/06\/Reflektion-1-1024x623.jpg 1024w, http:\/\/ekenasfotoklubb.org\/wp-content\/uploads\/2020\/06\/Reflektion-1-300x182.jpg 300w, http:\/\/ekenasfotoklubb.org\/wp-content\/uploads\/2020\/06\/Reflektion-1-768x467.jpg 768w, http:\/\/ekenasfotoklubb.org\/wp-content\/uploads\/2020\/06\/Reflektion-1-493x300.jpg 493w, http:\/\/ekenasfotoklubb.org\/wp-content\/uploads\/2020\/06\/Reflektion-1.jpg 1920w\" sizes=\"(max-width: 600px) 100vw, 600px\" \/><\/a><p id=\"caption-attachment-2639\" class=\"wp-caption-text\">2. Reijo,&nbsp; Bild nr. 11 &#8211; &#8220;Reflektion 1&#8221;,&nbsp; &nbsp; &nbsp; &nbsp; &nbsp; &nbsp;11p<\/p><\/div>\n<\/div>\n<p>&nbsp;<\/p>\n<div id=\"attachment_2640\" style=\"width: 610px\" class=\"wp-caption alignnone\"><a href=\"http:\/\/ekenasfotoklubb.org\/wp-content\/uploads\/2020\/06\/Stugliv.jpg\"><img aria-describedby=\"caption-attachment-2640\" loading=\"lazy\" class=\"wp-image-2640\" src=\"http:\/\/ekenasfotoklubb.org\/wp-content\/uploads\/2020\/06\/Stugliv-1024x720.jpg\" alt=\"\" width=\"600\" height=\"422\" srcset=\"http:\/\/ekenasfotoklubb.org\/wp-content\/uploads\/2020\/06\/Stugliv-1024x720.jpg 1024w, http:\/\/ekenasfotoklubb.org\/wp-content\/uploads\/2020\/06\/Stugliv-300x211.jpg 300w, http:\/\/ekenasfotoklubb.org\/wp-content\/uploads\/2020\/06\/Stugliv-768x540.jpg 768w, http:\/\/ekenasfotoklubb.org\/wp-content\/uploads\/2020\/06\/Stugliv-427x300.jpg 427w, http:\/\/ekenasfotoklubb.org\/wp-content\/uploads\/2020\/06\/Stugliv.jpg 1706w\" sizes=\"(max-width: 600px) 100vw, 600px\" \/><\/a><p id=\"caption-attachment-2640\" class=\"wp-caption-text\">3. Anita,&nbsp; Bild nr. 24 &#8211; &#8220;Stugliv&#8221;,&nbsp; &nbsp; &nbsp; &nbsp; &nbsp; &nbsp; &nbsp; &nbsp; &nbsp; &nbsp;10p<\/p><\/div>\n<p>H\u00e4r l\u00e4nk till alla bilder som deltog i t\u00e4vlingen:<br \/>\n<a href=\"https:\/\/www.flickr.com\/gp\/187154860@N08\/519n08\">https:\/\/www.flickr.com\/gp\/187154860@N08\/519n08<\/a><\/p>\n","protected":false},"excerpt":{"rendered":"<p>Fotoklubbens andra temat\u00e4vling f\u00f6r v\u00e5rs\u00e4songen, den h\u00e4r med temat &#8220;Reflektion&#8221; avgjordes s\u00f6ndagen 31.5 d\u00e5 r\u00f6stningen var klar. F\u00f6ljande tre bilder fick mest r\u00f6ster: 1. Rolle,&nbsp; Bild nr. 7 &#8211; &#8220;Ljus bland m\u00f6rkret&#8221;,&nbsp; 12p 2. Reijo,&nbsp; Bild nr. 11 &#8211; &#8220;Reflektion 1&#8221;,&nbsp; &nbsp; &nbsp; &nbsp; &nbsp; &nbsp;11p 3. Anita,&nbsp; Bild nr. 24 &#8211; &#8220;Stugliv&#8221;,&nbsp; &nbsp; &nbsp; &nbsp; &nbsp; &nbsp; &nbsp; &nbsp; &nbsp; &nbsp;10p &nbsp; H\u00e4r l\u00e4nk till alla bilder som deltog i t\u00e4vlingen: https:\/\/www.flickr.com\/gp\/187154860@N08\/519n08 &hellip; <a class=\"more-link\" href=\"http:\/\/ekenasfotoklubb.org\/?p=2637\">L\u00e4s mer <span class=\"meta-nav\">&rarr;<\/span><\/a><\/p>\n","protected":false},"author":17,"featured_media":0,"comment_status":"closed","ping_status":"closed","sticky":false,"template":"","format":"standard","meta":{"ngg_post_thumbnail":0},"categories":[1],"tags":[],"table_tags":[],"_links":{"self":[{"href":"http:\/\/ekenasfotoklubb.org\/index.php?rest_route=\/wp\/v2\/posts\/2637"}],"collection":[{"href":"http:\/\/ekenasfotoklubb.org\/index.php?rest_route=\/wp\/v2\/posts"}],"about":[{"href":"http:\/\/ekenasfotoklubb.org\/index.php?rest_route=\/wp\/v2\/types\/post"}],"author":[{"embeddable":true,"href":"http:\/\/ekenasfotoklubb.org\/index.php?rest_route=\/wp\/v2\/users\/17"}],"replies":[{"embeddable":true,"href":"http:\/\/ekenasfotoklubb.org\/index.php?rest_route=%2Fwp%2Fv2%2Fcomments&post=2637"}],"version-history":[{"count":2,"href":"http:\/\/ekenasfotoklubb.org\/index.php?rest_route=\/wp\/v2\/posts\/2637\/revisions"}],"predecessor-version":[{"id":2651,"href":"http:\/\/ekenasfotoklubb.org\/index.php?rest_route=\/wp\/v2\/posts\/2637\/revisions\/2651"}],"wp:attachment":[{"href":"http:\/\/ekenasfotoklubb.org\/index.php?rest_route=%2Fwp%2Fv2%2Fmedia&parent=2637"}],"wp:term":[{"taxonomy":"category","embeddable":true,"href":"http:\/\/ekenasfotoklubb.org\/index.php?rest_route=%2Fwp%2Fv2%2Fcategories&post=2637"},{"taxonomy":"post_tag","embeddable":true,"href":"http:\/\/ekenasfotoklubb.org\/index.php?rest_route=%2Fwp%2Fv2%2Ftags&post=2637"},{"taxonomy":"table_tags","embeddable":true,"href":"http:\/\/ekenasfotoklubb.org\/index.php?rest_route=%2Fwp%2Fv2%2Ftable_tags&post=2637"}],"curies":[{"name":"wp","href":"https:\/\/api.w.org\/{rel}","templated":true}]}}