{"id":2642,"date":"2020-06-04T08:41:25","date_gmt":"2020-06-04T05:41:25","guid":{"rendered":"http:\/\/ekenasfotoklubb.org\/?p=2642"},"modified":"2020-08-03T14:05:14","modified_gmt":"2020-08-03T11:05:14","slug":"klubbens-aktiviteter-over-sommaren","status":"publish","type":"post","link":"http:\/\/ekenasfotoklubb.org\/?p=2642","title":{"rendered":"Klubbens aktiviteter \u00f6ver sommaren"},"content":{"rendered":"<p>Temat\u00e4vlingen &#8220;Reflektion&#8221; var den sista planer<a href=\"http:\/\/ekenasfotoklubb.org\/wp-content\/uploads\/2020\/06\/Peter-Sj\u00f6strand.jpg\"><img loading=\"lazy\" class=\"wp-image-2643 alignright\" src=\"http:\/\/ekenasfotoklubb.org\/wp-content\/uploads\/2020\/06\/Peter-Sj\u00f6strand-767x1024.jpg\" alt=\"\" width=\"340\" height=\"449\"><\/a>ade aktiviteten f\u00f6re sommaren. Men det betyder ju inte att fotograferandet tar slut, tv\u00e4rtom! \ud83d\ude42<\/p>\n<p>F\u00f6rst och fr\u00e4mst har vi ju &#8220;Sommaruppgiften&#8221; att komma ih\u00e5g. Temat f\u00f6r \u00e5rets sommaruppgift \u00e4r &#8220;Ljus och skuggor&#8221; och uppgiften p\u00e5g\u00e5r \u00e4nda till s\u00f6ndag 23.8 d\u00e5 bilderna man vill delta med ska vara utprintade och inl\u00e4mnade till klubblokalen.<br \/>\n(Max 3 bilder som ska vara printade i storlek A4)<\/p>\n<p>Bilderna kommer i oktober att st\u00e4llas ut i Eken\u00e4s bibliotek och f\u00f6rhoppningsvis d\u00e4refter \u00e4nnu i Pojo bibliotek.<br \/>\nP\u00e5 de h\u00e4r st\u00e4llena kommer allm\u00e4nheten att r\u00f6sta p\u00e5 sina favoritbilder.<br \/>\n<span style=\"color: #0000ff;\">Tidigare hade vi planerat st\u00e4lla ut \u00e4ven i Focus i Karis, men tyv\u00e4rr \u00e4r det inte m\u00f6jligt eftersom Focus st\u00e4ngs och rivs under h\u00f6sten, f\u00f6r att ge plats \u00e5t en ny byggnad s\u00e5 sm\u00e5ningom.<\/span><\/p>\n<p>Som inspiration till temat, till h\u00f6ger en av Peter Sj\u00f6strands tidigare fotografier som v\u00e4ldigt bra f\u00f6ljer temat &#8220;Ljus och skuggor&#8221;<\/p>\n<p>Under sommaren kan man ocks\u00e5 t.ex. fotografera till, och delta i, naturfotot\u00e4vlingen i Kuusamo. Mera detaljer h\u00e4r:<br \/>\n<a href=\"https:\/\/www.kuusamonaturephoto.fi\/luontokuvakilpailu\">https:\/\/www.kuusamonaturephoto.fi\/luontokuvakilpailu<\/a><\/p>\n<p>&nbsp;<\/p>\n","protected":false},"excerpt":{"rendered":"<p>Temat\u00e4vlingen &#8220;Reflektion&#8221; var den sista planerade aktiviteten f\u00f6re sommaren. Men det betyder ju inte att fotograferandet tar slut, tv\u00e4rtom! \ud83d\ude42 F\u00f6rst och fr\u00e4mst har vi ju &#8220;Sommaruppgiften&#8221; att komma ih\u00e5g. Temat f\u00f6r \u00e5rets sommaruppgift \u00e4r &#8220;Ljus och skuggor&#8221; och uppgiften p\u00e5g\u00e5r \u00e4nda till s\u00f6ndag 23.8 d\u00e5 bilderna man vill delta med ska vara utprintade och inl\u00e4mnade till klubblokalen. (Max 3 bilder som ska vara printade i storlek A4) Bilderna kommer i oktober att st\u00e4llas ut i Eken\u00e4s bibliotek och f\u00f6rhoppningsvis d\u00e4refter \u00e4nnu i Pojo bibliotek. P\u00e5 de h\u00e4r st\u00e4llena kommer allm\u00e4nheten att r\u00f6sta p\u00e5 sina favoritbilder. Tidigare hade vi planerat &hellip; <a class=\"more-link\" href=\"http:\/\/ekenasfotoklubb.org\/?p=2642\">L\u00e4s mer <span class=\"meta-nav\">&rarr;<\/span><\/a><\/p>\n","protected":false},"author":17,"featured_media":0,"comment_status":"closed","ping_status":"closed","sticky":false,"template":"","format":"standard","meta":{"ngg_post_thumbnail":0},"categories":[1],"tags":[],"table_tags":[],"_links":{"self":[{"href":"http:\/\/ekenasfotoklubb.org\/index.php?rest_route=\/wp\/v2\/posts\/2642"}],"collection":[{"href":"http:\/\/ekenasfotoklubb.org\/index.php?rest_route=\/wp\/v2\/posts"}],"about":[{"href":"http:\/\/ekenasfotoklubb.org\/index.php?rest_route=\/wp\/v2\/types\/post"}],"author":[{"embeddable":true,"href":"http:\/\/ekenasfotoklubb.org\/index.php?rest_route=\/wp\/v2\/users\/17"}],"replies":[{"embeddable":true,"href":"http:\/\/ekenasfotoklubb.org\/index.php?rest_route=%2Fwp%2Fv2%2Fcomments&post=2642"}],"version-history":[{"count":5,"href":"http:\/\/ekenasfotoklubb.org\/index.php?rest_route=\/wp\/v2\/posts\/2642\/revisions"}],"predecessor-version":[{"id":2657,"href":"http:\/\/ekenasfotoklubb.org\/index.php?rest_route=\/wp\/v2\/posts\/2642\/revisions\/2657"}],"wp:attachment":[{"href":"http:\/\/ekenasfotoklubb.org\/index.php?rest_route=%2Fwp%2Fv2%2Fmedia&parent=2642"}],"wp:term":[{"taxonomy":"category","embeddable":true,"href":"http:\/\/ekenasfotoklubb.org\/index.php?rest_route=%2Fwp%2Fv2%2Fcategories&post=2642"},{"taxonomy":"post_tag","embeddable":true,"href":"http:\/\/ekenasfotoklubb.org\/index.php?rest_route=%2Fwp%2Fv2%2Ftags&post=2642"},{"taxonomy":"table_tags","embeddable":true,"href":"http:\/\/ekenasfotoklubb.org\/index.php?rest_route=%2Fwp%2Fv2%2Ftable_tags&post=2642"}],"curies":[{"name":"wp","href":"https:\/\/api.w.org\/{rel}","templated":true}]}}