{"id":2659,"date":"2020-08-11T14:06:03","date_gmt":"2020-08-11T11:06:03","guid":{"rendered":"http:\/\/ekenasfotoklubb.org\/?p=2659"},"modified":"2020-08-11T14:11:50","modified_gmt":"2020-08-11T11:11:50","slug":"sommarpausen-narmar-sig-sitt-slut","status":"publish","type":"post","link":"http:\/\/ekenasfotoklubb.org\/?p=2659","title":{"rendered":"Sommarpausen n\u00e4rmar sig sitt slut"},"content":{"rendered":"<p>S\u00e5 sm\u00e5ningom b\u00f6rjar det vara dags att forts\u00e4tta klubbaktiviteter igen, efter en sommarpaus p\u00e5 ungef\u00e4r 2 m\u00e5nader. Covid-19 har ju satt k\u00e4ppar i hjulet f\u00f6r en del planerade aktiviteter, och kommer troligtvis att g\u00f6ra det \u00e4ven under h\u00f6sten. Den f\u00f6rsta planerade aktiviteten efter sommaren \u00e4r en utflykt till Sveaborg eller Skanslandet, som det nu ser ut \u00e4r det dock f\u00e5 (om ens n\u00e5n) klubbmedlemmar som \u00e4r intresserade av eller har m\u00f6jlighet att \u00e5ka in till Helsingfors l\u00f6rdagen 22.8. En intressef\u00f6rfr\u00e5gning kring utflykten p\u00e5g\u00e5r just nu i f\u00f6rsta hand p\u00e5 klubbens whatsapp-tr\u00e5d, men \u00e4ven klubbens email kan naturligtvis anv\u00e4ndas f\u00f6r att visa sitt intresse f\u00f6r utflykten.<\/p>\n<p>En aktivitet som d\u00e4remot har fortsatt \u00f6ver sommaren \u00e4r klubbens s\u00e5 kallade sommaruppgift. I \u00e5r har temat varit &#8220;Ljus och skuggor&#8221;. Ursprungligen hade vi planerat att sista inl\u00e4mningsdatum f\u00f6r printade bilder skulle vara s\u00f6ndag 23.8, f\u00f6r att f\u00e5 bilderna utst\u00e4llda p\u00e5 Fokus i Karis d\u00e4refter. Nu \u00e4r Fokus st\u00e4ngt och kommer s\u00e5 sm\u00e5ningom att rivas, s\u00e5 vi kan \u00e4ndra v\u00e5r tidtabell. Utst\u00e4llningen av v\u00e5ra sommaruppgiftsbilder kommer att b\u00f6rja p\u00e5 Pojo bibliotek 14.9, det betyder att vi flyttar fram sista inl\u00e4mningsdatum till <span style=\"color: #ff0000;\">s\u00f6ndag 6.9!<\/span><\/p>\n<p><a href=\"http:\/\/ekenasfotoklubb.org\/wp-content\/uploads\/2020\/08\/IMG_7695.jpg\"><img loading=\"lazy\" class=\"size-large wp-image-2660 alignleft\" src=\"http:\/\/ekenasfotoklubb.org\/wp-content\/uploads\/2020\/08\/IMG_7695-1024x472.jpg\" alt=\"\" width=\"1024\" height=\"472\" srcset=\"http:\/\/ekenasfotoklubb.org\/wp-content\/uploads\/2020\/08\/IMG_7695-1024x472.jpg 1024w, http:\/\/ekenasfotoklubb.org\/wp-content\/uploads\/2020\/08\/IMG_7695-300x138.jpg 300w, http:\/\/ekenasfotoklubb.org\/wp-content\/uploads\/2020\/08\/IMG_7695-768x354.jpg 768w, http:\/\/ekenasfotoklubb.org\/wp-content\/uploads\/2020\/08\/IMG_7695-500x231.jpg 500w, http:\/\/ekenasfotoklubb.org\/wp-content\/uploads\/2020\/08\/IMG_7695.jpg 1920w\" sizes=\"(max-width: 1024px) 100vw, 1024px\" \/><\/a><\/p>\n<p>Vi kan h\u00e4r passa p\u00e5 att ocks\u00e5 p\u00e5minna om Fotocentrum Raseborgs fotot\u00e4vling, vars sista inl\u00e4mningsdag \u00e4r l\u00f6rdag 15.8! Mera information h\u00e4r ( https:\/\/www.facebook.com\/FotocentrumRaseborg\/posts\/3865909810102752 eller h\u00e4r https:\/\/www.fotocentrum.fi\/ )<\/p>\n","protected":false},"excerpt":{"rendered":"<p>S\u00e5 sm\u00e5ningom b\u00f6rjar det vara dags att forts\u00e4tta klubbaktiviteter igen, efter en sommarpaus p\u00e5 ungef\u00e4r 2 m\u00e5nader. Covid-19 har ju satt k\u00e4ppar i hjulet f\u00f6r en del planerade aktiviteter, och kommer troligtvis att g\u00f6ra det \u00e4ven under h\u00f6sten. Den f\u00f6rsta planerade aktiviteten efter sommaren \u00e4r en utflykt till Sveaborg eller Skanslandet, som det nu ser ut \u00e4r det dock f\u00e5 (om ens n\u00e5n) klubbmedlemmar som \u00e4r intresserade av eller har m\u00f6jlighet att \u00e5ka in till Helsingfors l\u00f6rdagen 22.8. En intressef\u00f6rfr\u00e5gning kring utflykten p\u00e5g\u00e5r just nu i f\u00f6rsta hand p\u00e5 klubbens whatsapp-tr\u00e5d, men \u00e4ven klubbens email kan naturligtvis anv\u00e4ndas f\u00f6r att &hellip; <a class=\"more-link\" href=\"http:\/\/ekenasfotoklubb.org\/?p=2659\">L\u00e4s mer <span class=\"meta-nav\">&rarr;<\/span><\/a><\/p>\n","protected":false},"author":17,"featured_media":0,"comment_status":"closed","ping_status":"closed","sticky":false,"template":"","format":"standard","meta":{"ngg_post_thumbnail":0},"categories":[1],"tags":[],"table_tags":[],"_links":{"self":[{"href":"http:\/\/ekenasfotoklubb.org\/index.php?rest_route=\/wp\/v2\/posts\/2659"}],"collection":[{"href":"http:\/\/ekenasfotoklubb.org\/index.php?rest_route=\/wp\/v2\/posts"}],"about":[{"href":"http:\/\/ekenasfotoklubb.org\/index.php?rest_route=\/wp\/v2\/types\/post"}],"author":[{"embeddable":true,"href":"http:\/\/ekenasfotoklubb.org\/index.php?rest_route=\/wp\/v2\/users\/17"}],"replies":[{"embeddable":true,"href":"http:\/\/ekenasfotoklubb.org\/index.php?rest_route=%2Fwp%2Fv2%2Fcomments&post=2659"}],"version-history":[{"count":2,"href":"http:\/\/ekenasfotoklubb.org\/index.php?rest_route=\/wp\/v2\/posts\/2659\/revisions"}],"predecessor-version":[{"id":2662,"href":"http:\/\/ekenasfotoklubb.org\/index.php?rest_route=\/wp\/v2\/posts\/2659\/revisions\/2662"}],"wp:attachment":[{"href":"http:\/\/ekenasfotoklubb.org\/index.php?rest_route=%2Fwp%2Fv2%2Fmedia&parent=2659"}],"wp:term":[{"taxonomy":"category","embeddable":true,"href":"http:\/\/ekenasfotoklubb.org\/index.php?rest_route=%2Fwp%2Fv2%2Fcategories&post=2659"},{"taxonomy":"post_tag","embeddable":true,"href":"http:\/\/ekenasfotoklubb.org\/index.php?rest_route=%2Fwp%2Fv2%2Ftags&post=2659"},{"taxonomy":"table_tags","embeddable":true,"href":"http:\/\/ekenasfotoklubb.org\/index.php?rest_route=%2Fwp%2Fv2%2Ftable_tags&post=2659"}],"curies":[{"name":"wp","href":"https:\/\/api.w.org\/{rel}","templated":true}]}}