{"id":2663,"date":"2020-08-17T13:28:35","date_gmt":"2020-08-17T10:28:35","guid":{"rendered":"http:\/\/ekenasfotoklubb.org\/?p=2663"},"modified":"2020-08-17T13:28:35","modified_gmt":"2020-08-17T10:28:35","slug":"nattfjarilsfotografering-vid-klubblokalen","status":"publish","type":"post","link":"http:\/\/ekenasfotoklubb.org\/?p=2663","title":{"rendered":"Nattfj\u00e4rilsfotografering vid klubblokalen"},"content":{"rendered":"<p>Fredag kv\u00e4ll 14.8.2020 gjorde vi ett improviserat f\u00f6rs\u00f6k att fotografera nattfj\u00e4rilar intill klubblokalen. Peter Sj\u00f6strand och Roland \u00d6ster spenderade n\u00e5gra timmar vid ett upplyst lakan och f\u00f6rs\u00f6kte fotografera de olika arterna som samlades p\u00e5 lakanet eller i n\u00e4rheten.<a href=\"http:\/\/ekenasfotoklubb.org\/wp-content\/uploads\/2020\/08\/IMG_8200.jpg\"><img loading=\"lazy\" class=\"alignnone size-large wp-image-2670\" src=\"http:\/\/ekenasfotoklubb.org\/wp-content\/uploads\/2020\/08\/IMG_8200-1024x683.jpg\" alt=\"\" width=\"1024\" height=\"683\" srcset=\"http:\/\/ekenasfotoklubb.org\/wp-content\/uploads\/2020\/08\/IMG_8200-1024x683.jpg 1024w, http:\/\/ekenasfotoklubb.org\/wp-content\/uploads\/2020\/08\/IMG_8200-300x200.jpg 300w, http:\/\/ekenasfotoklubb.org\/wp-content\/uploads\/2020\/08\/IMG_8200-768x512.jpg 768w, http:\/\/ekenasfotoklubb.org\/wp-content\/uploads\/2020\/08\/IMG_8200-450x300.jpg 450w, http:\/\/ekenasfotoklubb.org\/wp-content\/uploads\/2020\/08\/IMG_8200.jpg 1800w\" sizes=\"(max-width: 1024px) 100vw, 1024px\" \/><\/a><\/p>\n<p>Som locklampa anv\u00e4ndes en 250W blandljuslampa som \u00e4r specifikt l\u00e4mpad f\u00f6r det h\u00e4r \u00e4ndam\u00e5let. N\u00e4rmast p.g.a. att dess ljus-spektrum str\u00e4cker sig en bit in i ultraviolett.<\/p>\n<p><a href=\"http:\/\/ekenasfotoklubb.org\/wp-content\/uploads\/2020\/08\/nattfj\u00e4ril.jpg\"><img loading=\"lazy\" class=\"alignnone  wp-image-2671\" src=\"http:\/\/ekenasfotoklubb.org\/wp-content\/uploads\/2020\/08\/nattfj\u00e4ril-1024x706.jpg\" alt=\"\" width=\"494\" height=\"345\"><\/a><a href=\"http:\/\/ekenasfotoklubb.org\/wp-content\/uploads\/2020\/08\/IMG_8167.jpg\"><img loading=\"lazy\" class=\"alignnone  wp-image-2666\" src=\"http:\/\/ekenasfotoklubb.org\/wp-content\/uploads\/2020\/08\/IMG_8167-683x1024.jpg\" alt=\"\" width=\"294\" height=\"437\"><\/a><\/p>\n<p>Att notera var att fotografering med blixt \u00e4r n\u00e4st intill obligatoriskt, och g\u00e4rna med en ordentlig diffusor, eller g\u00e4rna t.o.m en ringblixt eller ringblixtadapter som syns p\u00e5 bilden ovan.<\/p>\n<p>Nedan en del av bildsk\u00f6rden.<\/p>\n<p><a href=\"http:\/\/ekenasfotoklubb.org\/wp-content\/uploads\/2020\/08\/IMG_8153.jpg\"><img loading=\"lazy\" class=\"alignnone  wp-image-2669\" src=\"http:\/\/ekenasfotoklubb.org\/wp-content\/uploads\/2020\/08\/IMG_8153-683x1024.jpg\" alt=\"\" width=\"186\" height=\"272\"><\/a> <a href=\"http:\/\/ekenasfotoklubb.org\/wp-content\/uploads\/2020\/08\/IMG_8158.jpg\"><img loading=\"lazy\" class=\"alignnone  wp-image-2668\" src=\"http:\/\/ekenasfotoklubb.org\/wp-content\/uploads\/2020\/08\/IMG_8158-683x1024.jpg\" alt=\"\" width=\"186\" height=\"277\"><\/a> <a href=\"http:\/\/ekenasfotoklubb.org\/wp-content\/uploads\/2020\/08\/IMG_8170.jpg\"><img loading=\"lazy\" class=\"alignnone  wp-image-2667\" src=\"http:\/\/ekenasfotoklubb.org\/wp-content\/uploads\/2020\/08\/IMG_8170-683x1024.jpg\" alt=\"\" width=\"185\" height=\"275\"><\/a> <a href=\"http:\/\/ekenasfotoklubb.org\/wp-content\/uploads\/2020\/08\/IMG_8178.jpg\"><img loading=\"lazy\" class=\"alignnone  wp-image-2664\" src=\"http:\/\/ekenasfotoklubb.org\/wp-content\/uploads\/2020\/08\/IMG_8178-683x1024.jpg\" alt=\"\" width=\"185\" height=\"275\"><\/a><\/p>\n<p><a href=\"http:\/\/ekenasfotoklubb.org\/wp-content\/uploads\/2020\/08\/IMG_8195.jpg\"><img loading=\"lazy\" class=\"alignnone size-large wp-image-2665\" src=\"http:\/\/ekenasfotoklubb.org\/wp-content\/uploads\/2020\/08\/IMG_8195-1024x732.jpg\" alt=\"\" width=\"1024\" height=\"732\" srcset=\"http:\/\/ekenasfotoklubb.org\/wp-content\/uploads\/2020\/08\/IMG_8195-1024x732.jpg 1024w, http:\/\/ekenasfotoklubb.org\/wp-content\/uploads\/2020\/08\/IMG_8195-300x214.jpg 300w, http:\/\/ekenasfotoklubb.org\/wp-content\/uploads\/2020\/08\/IMG_8195-768x549.jpg 768w, http:\/\/ekenasfotoklubb.org\/wp-content\/uploads\/2020\/08\/IMG_8195-420x300.jpg 420w, http:\/\/ekenasfotoklubb.org\/wp-content\/uploads\/2020\/08\/IMG_8195.jpg 1679w\" sizes=\"(max-width: 1024px) 100vw, 1024px\" \/><\/a>Vi ordnar g\u00e4rna en ny liknande session ifall det finns intresse. \u00c4ven s\u00e5na som inte \u00e4r klubbmedlemmar \u00e4r v\u00e4lkomna med! Insektk\u00e4nnare \u00e4r speciellt v\u00e4lkomna! \ud83d\ude42<\/p>\n","protected":false},"excerpt":{"rendered":"<p>Fredag kv\u00e4ll 14.8.2020 gjorde vi ett improviserat f\u00f6rs\u00f6k att fotografera nattfj\u00e4rilar intill klubblokalen. Peter Sj\u00f6strand och Roland \u00d6ster spenderade n\u00e5gra timmar vid ett upplyst lakan och f\u00f6rs\u00f6kte fotografera de olika arterna som samlades p\u00e5 lakanet eller i n\u00e4rheten. Som locklampa anv\u00e4ndes en 250W blandljuslampa som \u00e4r specifikt l\u00e4mpad f\u00f6r det h\u00e4r \u00e4ndam\u00e5let. N\u00e4rmast p.g.a. att dess ljus-spektrum str\u00e4cker sig en bit in i ultraviolett. Att notera var att fotografering med blixt \u00e4r n\u00e4st intill obligatoriskt, och g\u00e4rna med en ordentlig diffusor, eller g\u00e4rna t.o.m en ringblixt eller ringblixtadapter som syns p\u00e5 bilden ovan. Nedan en del av bildsk\u00f6rden. Vi ordnar &hellip; <a class=\"more-link\" href=\"http:\/\/ekenasfotoklubb.org\/?p=2663\">L\u00e4s mer <span class=\"meta-nav\">&rarr;<\/span><\/a><\/p>\n","protected":false},"author":17,"featured_media":0,"comment_status":"closed","ping_status":"closed","sticky":false,"template":"","format":"standard","meta":{"ngg_post_thumbnail":0},"categories":[1],"tags":[],"table_tags":[],"_links":{"self":[{"href":"http:\/\/ekenasfotoklubb.org\/index.php?rest_route=\/wp\/v2\/posts\/2663"}],"collection":[{"href":"http:\/\/ekenasfotoklubb.org\/index.php?rest_route=\/wp\/v2\/posts"}],"about":[{"href":"http:\/\/ekenasfotoklubb.org\/index.php?rest_route=\/wp\/v2\/types\/post"}],"author":[{"embeddable":true,"href":"http:\/\/ekenasfotoklubb.org\/index.php?rest_route=\/wp\/v2\/users\/17"}],"replies":[{"embeddable":true,"href":"http:\/\/ekenasfotoklubb.org\/index.php?rest_route=%2Fwp%2Fv2%2Fcomments&post=2663"}],"version-history":[{"count":2,"href":"http:\/\/ekenasfotoklubb.org\/index.php?rest_route=\/wp\/v2\/posts\/2663\/revisions"}],"predecessor-version":[{"id":2673,"href":"http:\/\/ekenasfotoklubb.org\/index.php?rest_route=\/wp\/v2\/posts\/2663\/revisions\/2673"}],"wp:attachment":[{"href":"http:\/\/ekenasfotoklubb.org\/index.php?rest_route=%2Fwp%2Fv2%2Fmedia&parent=2663"}],"wp:term":[{"taxonomy":"category","embeddable":true,"href":"http:\/\/ekenasfotoklubb.org\/index.php?rest_route=%2Fwp%2Fv2%2Fcategories&post=2663"},{"taxonomy":"post_tag","embeddable":true,"href":"http:\/\/ekenasfotoklubb.org\/index.php?rest_route=%2Fwp%2Fv2%2Ftags&post=2663"},{"taxonomy":"table_tags","embeddable":true,"href":"http:\/\/ekenasfotoklubb.org\/index.php?rest_route=%2Fwp%2Fv2%2Ftable_tags&post=2663"}],"curies":[{"name":"wp","href":"https:\/\/api.w.org\/{rel}","templated":true}]}}