{"id":2681,"date":"2020-09-01T12:14:41","date_gmt":"2020-09-01T09:14:41","guid":{"rendered":"http:\/\/ekenasfotoklubb.org\/?p=2681"},"modified":"2020-09-01T12:15:51","modified_gmt":"2020-09-01T09:15:51","slug":"hostens-verksamhet-inleds","status":"publish","type":"post","link":"http:\/\/ekenasfotoklubb.org\/?p=2681","title":{"rendered":"H\u00f6stens verksamhet inleds"},"content":{"rendered":"<p>I morgon onsdag 2.9. kl 18:00 b\u00f6rjar vi h\u00f6stens m\u00f6ten. Den h\u00e4r g\u00e5ngen med lite temafotografering vid klubblokalen samt bildgenomg\u00e5ng. Vi kollar ocks\u00e5 genom h\u00f6stens kalender och planerade aktiviteter.<\/p>\n<p>Nedan en \u00f6verblick \u00f6ver h\u00f6stens m\u00f6ten och viktiga datum. Klubbens kalender och de inlagda aktiviteterna eller p\u00e5minnelserna uppdateras ofta med mera information kring tid\/plats och m\u00f6jliga f\u00f6rberedelser man kan beh\u00f6va g\u00f6ra. Kolla d\u00e4rf\u00f6r g\u00e4rna kalendern och klicka upp de olika inl\u00e4ggen f\u00f6r att se detaljerna.<\/p>\n<p><a href=\"http:\/\/ekenasfotoklubb.org\/wp-content\/uploads\/2020\/09\/118694293_1513289472210766_3344635453646928482_o.png\"><img loading=\"lazy\" class=\"alignnone wp-image-2682\" src=\"http:\/\/ekenasfotoklubb.org\/wp-content\/uploads\/2020\/09\/118694293_1513289472210766_3344635453646928482_o-1024x652.png\" alt=\"\" width=\"627\" height=\"408\"><\/a><\/p>\n<p>Kalendern \/aktivitetslistan finns alltid h\u00e4r p\u00e5 hemsidans h\u00f6gra sidobalk, men \u00e4r ocks\u00e5 tillg\u00e4nlig via den h\u00e4r l\u00e4nken:<br \/>\n<a href=\"https:\/\/calendar.google.com\/calendar\/embed?src=ekenasfotoklubb%40gmail.com&amp;ctz=Europe%2FHelsinki\">https:\/\/calendar.google.com\/calendar\/embed?src=ekenasfotoklubb%40gmail.com&amp;ctz=Europe%2FHelsinki<\/a><\/p>\n","protected":false},"excerpt":{"rendered":"<p>I morgon onsdag 2.9. kl 18:00 b\u00f6rjar vi h\u00f6stens m\u00f6ten. Den h\u00e4r g\u00e5ngen med lite temafotografering vid klubblokalen samt bildgenomg\u00e5ng. Vi kollar ocks\u00e5 genom h\u00f6stens kalender och planerade aktiviteter. Nedan en \u00f6verblick \u00f6ver h\u00f6stens m\u00f6ten och viktiga datum. Klubbens kalender och de inlagda aktiviteterna eller p\u00e5minnelserna uppdateras ofta med mera information kring tid\/plats och m\u00f6jliga f\u00f6rberedelser man kan beh\u00f6va g\u00f6ra. Kolla d\u00e4rf\u00f6r g\u00e4rna kalendern och klicka upp de olika inl\u00e4ggen f\u00f6r att se detaljerna. Kalendern \/aktivitetslistan finns alltid h\u00e4r p\u00e5 hemsidans h\u00f6gra sidobalk, men \u00e4r ocks\u00e5 tillg\u00e4nlig via den h\u00e4r l\u00e4nken: https:\/\/calendar.google.com\/calendar\/embed?src=ekenasfotoklubb%40gmail.com&amp;ctz=Europe%2FHelsinki &hellip; <a class=\"more-link\" href=\"http:\/\/ekenasfotoklubb.org\/?p=2681\">L\u00e4s mer <span class=\"meta-nav\">&rarr;<\/span><\/a><\/p>\n","protected":false},"author":17,"featured_media":0,"comment_status":"closed","ping_status":"closed","sticky":false,"template":"","format":"standard","meta":{"ngg_post_thumbnail":0},"categories":[1],"tags":[],"table_tags":[],"_links":{"self":[{"href":"http:\/\/ekenasfotoklubb.org\/index.php?rest_route=\/wp\/v2\/posts\/2681"}],"collection":[{"href":"http:\/\/ekenasfotoklubb.org\/index.php?rest_route=\/wp\/v2\/posts"}],"about":[{"href":"http:\/\/ekenasfotoklubb.org\/index.php?rest_route=\/wp\/v2\/types\/post"}],"author":[{"embeddable":true,"href":"http:\/\/ekenasfotoklubb.org\/index.php?rest_route=\/wp\/v2\/users\/17"}],"replies":[{"embeddable":true,"href":"http:\/\/ekenasfotoklubb.org\/index.php?rest_route=%2Fwp%2Fv2%2Fcomments&post=2681"}],"version-history":[{"count":3,"href":"http:\/\/ekenasfotoklubb.org\/index.php?rest_route=\/wp\/v2\/posts\/2681\/revisions"}],"predecessor-version":[{"id":2685,"href":"http:\/\/ekenasfotoklubb.org\/index.php?rest_route=\/wp\/v2\/posts\/2681\/revisions\/2685"}],"wp:attachment":[{"href":"http:\/\/ekenasfotoklubb.org\/index.php?rest_route=%2Fwp%2Fv2%2Fmedia&parent=2681"}],"wp:term":[{"taxonomy":"category","embeddable":true,"href":"http:\/\/ekenasfotoklubb.org\/index.php?rest_route=%2Fwp%2Fv2%2Fcategories&post=2681"},{"taxonomy":"post_tag","embeddable":true,"href":"http:\/\/ekenasfotoklubb.org\/index.php?rest_route=%2Fwp%2Fv2%2Ftags&post=2681"},{"taxonomy":"table_tags","embeddable":true,"href":"http:\/\/ekenasfotoklubb.org\/index.php?rest_route=%2Fwp%2Fv2%2Ftable_tags&post=2681"}],"curies":[{"name":"wp","href":"https:\/\/api.w.org\/{rel}","templated":true}]}}