{"id":2687,"date":"2020-09-16T08:57:14","date_gmt":"2020-09-16T05:57:14","guid":{"rendered":"http:\/\/ekenasfotoklubb.org\/?p=2687"},"modified":"2020-09-16T08:57:14","modified_gmt":"2020-09-16T05:57:14","slug":"utstallning-av-ljus-och-skuggor","status":"publish","type":"post","link":"http:\/\/ekenasfotoklubb.org\/?p=2687","title":{"rendered":"Utst\u00e4llning av &#8220;Ljus och skuggor&#8221;"},"content":{"rendered":"<p>\u00c5rets sommaruppgift hade som bekant temat &#8220;Ljus och skuggor&#8221; och klubbmedlemmarnas bidrag till t\u00e4vlingen finns nu, efter en vecka av printing och raml\u00e4ggning p\u00e5 klubblokalen, upph\u00e4ngda i Pojo bibliotek. D\u00e4r kommer dom att finnas utst\u00e4llda resten av september. D\u00e4refter flyttas dom till Eken\u00e4s bibliotek f\u00f6r att d\u00e4r finnas utst\u00e4llda hela oktober.<\/p>\n<p>Bibliotekens \u00f6ppeth\u00e5llningstider hittar ni h\u00e4r: <a href=\"https:\/\/www.raseborg.fi\/fritid\/bibliotek\/kontaktuppgifter-och-oppethallning\/\">https:\/\/www.raseborg.fi\/fritid\/bibliotek\/kontaktuppgifter-och-oppethallning\/<\/a><\/p>\n<p><a href=\"http:\/\/ekenasfotoklubb.org\/wp-content\/uploads\/2020\/09\/P9140001.jpg\"><img loading=\"lazy\" class=\"alignnone size-large wp-image-2688\" src=\"http:\/\/ekenasfotoklubb.org\/wp-content\/uploads\/2020\/09\/P9140001-1024x769.jpg\" alt=\"\" width=\"1024\" height=\"769\" srcset=\"http:\/\/ekenasfotoklubb.org\/wp-content\/uploads\/2020\/09\/P9140001-1024x769.jpg 1024w, http:\/\/ekenasfotoklubb.org\/wp-content\/uploads\/2020\/09\/P9140001-300x225.jpg 300w, http:\/\/ekenasfotoklubb.org\/wp-content\/uploads\/2020\/09\/P9140001-768x577.jpg 768w, http:\/\/ekenasfotoklubb.org\/wp-content\/uploads\/2020\/09\/P9140001-399x300.jpg 399w, http:\/\/ekenasfotoklubb.org\/wp-content\/uploads\/2020\/09\/P9140001.jpg 1598w\" sizes=\"(max-width: 1024px) 100vw, 1024px\" \/><\/a> <a href=\"http:\/\/ekenasfotoklubb.org\/wp-content\/uploads\/2020\/09\/P9140007.jpg\"><img loading=\"lazy\" class=\"alignnone size-large wp-image-2689\" src=\"http:\/\/ekenasfotoklubb.org\/wp-content\/uploads\/2020\/09\/P9140007-1024x768.jpg\" alt=\"\" width=\"1024\" height=\"768\" srcset=\"http:\/\/ekenasfotoklubb.org\/wp-content\/uploads\/2020\/09\/P9140007-1024x768.jpg 1024w, http:\/\/ekenasfotoklubb.org\/wp-content\/uploads\/2020\/09\/P9140007-300x225.jpg 300w, http:\/\/ekenasfotoklubb.org\/wp-content\/uploads\/2020\/09\/P9140007-768x576.jpg 768w, http:\/\/ekenasfotoklubb.org\/wp-content\/uploads\/2020\/09\/P9140007-400x300.jpg 400w, http:\/\/ekenasfotoklubb.org\/wp-content\/uploads\/2020\/09\/P9140007.jpg 1601w\" sizes=\"(max-width: 1024px) 100vw, 1024px\" \/><\/a> <a href=\"http:\/\/ekenasfotoklubb.org\/wp-content\/uploads\/2020\/09\/P9140016.jpg\"><img loading=\"lazy\" class=\"alignnone size-large wp-image-2690\" src=\"http:\/\/ekenasfotoklubb.org\/wp-content\/uploads\/2020\/09\/P9140016-1024x641.jpg\" alt=\"\" width=\"1024\" height=\"641\" srcset=\"http:\/\/ekenasfotoklubb.org\/wp-content\/uploads\/2020\/09\/P9140016-1024x641.jpg 1024w, http:\/\/ekenasfotoklubb.org\/wp-content\/uploads\/2020\/09\/P9140016-300x188.jpg 300w, http:\/\/ekenasfotoklubb.org\/wp-content\/uploads\/2020\/09\/P9140016-768x481.jpg 768w, http:\/\/ekenasfotoklubb.org\/wp-content\/uploads\/2020\/09\/P9140016-479x300.jpg 479w, http:\/\/ekenasfotoklubb.org\/wp-content\/uploads\/2020\/09\/P9140016.jpg 1918w\" sizes=\"(max-width: 1024px) 100vw, 1024px\" \/><\/a>Bilderna fr\u00e5n upph\u00e4ngninstillf\u00e4llet \u00e4r tagna av Henry Andersson<\/p>\n","protected":false},"excerpt":{"rendered":"<p>\u00c5rets sommaruppgift hade som bekant temat &#8220;Ljus och skuggor&#8221; och klubbmedlemmarnas bidrag till t\u00e4vlingen finns nu, efter en vecka av printing och raml\u00e4ggning p\u00e5 klubblokalen, upph\u00e4ngda i Pojo bibliotek. D\u00e4r kommer dom att finnas utst\u00e4llda resten av september. D\u00e4refter flyttas dom till Eken\u00e4s bibliotek f\u00f6r att d\u00e4r finnas utst\u00e4llda hela oktober. Bibliotekens \u00f6ppeth\u00e5llningstider hittar ni h\u00e4r: https:\/\/www.raseborg.fi\/fritid\/bibliotek\/kontaktuppgifter-och-oppethallning\/ Bilderna fr\u00e5n upph\u00e4ngninstillf\u00e4llet \u00e4r tagna av Henry Andersson &hellip; <a class=\"more-link\" href=\"http:\/\/ekenasfotoklubb.org\/?p=2687\">L\u00e4s mer <span class=\"meta-nav\">&rarr;<\/span><\/a><\/p>\n","protected":false},"author":17,"featured_media":0,"comment_status":"closed","ping_status":"closed","sticky":false,"template":"","format":"standard","meta":{"ngg_post_thumbnail":0},"categories":[1],"tags":[],"table_tags":[],"_links":{"self":[{"href":"http:\/\/ekenasfotoklubb.org\/index.php?rest_route=\/wp\/v2\/posts\/2687"}],"collection":[{"href":"http:\/\/ekenasfotoklubb.org\/index.php?rest_route=\/wp\/v2\/posts"}],"about":[{"href":"http:\/\/ekenasfotoklubb.org\/index.php?rest_route=\/wp\/v2\/types\/post"}],"author":[{"embeddable":true,"href":"http:\/\/ekenasfotoklubb.org\/index.php?rest_route=\/wp\/v2\/users\/17"}],"replies":[{"embeddable":true,"href":"http:\/\/ekenasfotoklubb.org\/index.php?rest_route=%2Fwp%2Fv2%2Fcomments&post=2687"}],"version-history":[{"count":1,"href":"http:\/\/ekenasfotoklubb.org\/index.php?rest_route=\/wp\/v2\/posts\/2687\/revisions"}],"predecessor-version":[{"id":2691,"href":"http:\/\/ekenasfotoklubb.org\/index.php?rest_route=\/wp\/v2\/posts\/2687\/revisions\/2691"}],"wp:attachment":[{"href":"http:\/\/ekenasfotoklubb.org\/index.php?rest_route=%2Fwp%2Fv2%2Fmedia&parent=2687"}],"wp:term":[{"taxonomy":"category","embeddable":true,"href":"http:\/\/ekenasfotoklubb.org\/index.php?rest_route=%2Fwp%2Fv2%2Fcategories&post=2687"},{"taxonomy":"post_tag","embeddable":true,"href":"http:\/\/ekenasfotoklubb.org\/index.php?rest_route=%2Fwp%2Fv2%2Ftags&post=2687"},{"taxonomy":"table_tags","embeddable":true,"href":"http:\/\/ekenasfotoklubb.org\/index.php?rest_route=%2Fwp%2Fv2%2Ftable_tags&post=2687"}],"curies":[{"name":"wp","href":"https:\/\/api.w.org\/{rel}","templated":true}]}}