{"id":2704,"date":"2020-10-04T14:11:06","date_gmt":"2020-10-04T11:11:06","guid":{"rendered":"http:\/\/ekenasfotoklubb.org\/?p=2704"},"modified":"2020-10-04T14:11:57","modified_gmt":"2020-10-04T11:11:57","slug":"ella-kangas","status":"publish","type":"post","link":"http:\/\/ekenasfotoklubb.org\/?p=2704","title":{"rendered":"Ella Kangas"},"content":{"rendered":"<p><a href=\"http:\/\/ekenasfotoklubb.org\/wp-content\/uploads\/2020\/10\/A190013-2Ella.jpg\"><img loading=\"lazy\" class=\"size-medium wp-image-2705\" src=\"http:\/\/ekenasfotoklubb.org\/wp-content\/uploads\/2020\/10\/A190013-2Ella-199x300.jpg\" alt=\"\" width=\"199\" height=\"300\" srcset=\"http:\/\/ekenasfotoklubb.org\/wp-content\/uploads\/2020\/10\/A190013-2Ella-199x300.jpg 199w, http:\/\/ekenasfotoklubb.org\/wp-content\/uploads\/2020\/10\/A190013-2Ella-768x1160.jpg 768w, http:\/\/ekenasfotoklubb.org\/wp-content\/uploads\/2020\/10\/A190013-2Ella-678x1024.jpg 678w, http:\/\/ekenasfotoklubb.org\/wp-content\/uploads\/2020\/10\/A190013-2Ella.jpg 794w\" sizes=\"(max-width: 199px) 100vw, 199px\" \/><\/a><\/p>\n<p><strong>Ella Kangas<\/strong> blev medlem i Eken\u00e4s fotoklubb som 12-\u00e5ring \u00a02016. Hon var\u00a0 aktivt med i klubbens verksamhet, deltog i t\u00e4vlingar och vann pris. Tillsamman med sin syster Tindra spred hon gl\u00e4dje p\u00e5 alla m\u00f6ten hon deltog i.\u00a0 Hon drabbades av en sv\u00e5r sjukdom och dog 18.8. 2020.<\/p>\n<p>Eken\u00e4s fotoklubb hedrar minnet av Ella Kangas.<\/p>\n","protected":false},"excerpt":{"rendered":"<p>Ella Kangas blev medlem i Eken\u00e4s fotoklubb som 12-\u00e5ring \u00a02016. Hon var\u00a0 aktivt med i klubbens verksamhet, deltog i t\u00e4vlingar och vann pris. Tillsamman med sin syster Tindra spred hon gl\u00e4dje p\u00e5 alla m\u00f6ten hon deltog i.\u00a0 Hon drabbades av en sv\u00e5r sjukdom och dog 18.8. 2020. Eken\u00e4s fotoklubb hedrar minnet av Ella Kangas. &hellip; <a class=\"more-link\" href=\"http:\/\/ekenasfotoklubb.org\/?p=2704\">L\u00e4s mer <span class=\"meta-nav\">&rarr;<\/span><\/a><\/p>\n","protected":false},"author":3,"featured_media":0,"comment_status":"closed","ping_status":"closed","sticky":false,"template":"","format":"standard","meta":{"ngg_post_thumbnail":0},"categories":[1],"tags":[],"table_tags":[],"_links":{"self":[{"href":"http:\/\/ekenasfotoklubb.org\/index.php?rest_route=\/wp\/v2\/posts\/2704"}],"collection":[{"href":"http:\/\/ekenasfotoklubb.org\/index.php?rest_route=\/wp\/v2\/posts"}],"about":[{"href":"http:\/\/ekenasfotoklubb.org\/index.php?rest_route=\/wp\/v2\/types\/post"}],"author":[{"embeddable":true,"href":"http:\/\/ekenasfotoklubb.org\/index.php?rest_route=\/wp\/v2\/users\/3"}],"replies":[{"embeddable":true,"href":"http:\/\/ekenasfotoklubb.org\/index.php?rest_route=%2Fwp%2Fv2%2Fcomments&post=2704"}],"version-history":[{"count":1,"href":"http:\/\/ekenasfotoklubb.org\/index.php?rest_route=\/wp\/v2\/posts\/2704\/revisions"}],"predecessor-version":[{"id":2706,"href":"http:\/\/ekenasfotoklubb.org\/index.php?rest_route=\/wp\/v2\/posts\/2704\/revisions\/2706"}],"wp:attachment":[{"href":"http:\/\/ekenasfotoklubb.org\/index.php?rest_route=%2Fwp%2Fv2%2Fmedia&parent=2704"}],"wp:term":[{"taxonomy":"category","embeddable":true,"href":"http:\/\/ekenasfotoklubb.org\/index.php?rest_route=%2Fwp%2Fv2%2Fcategories&post=2704"},{"taxonomy":"post_tag","embeddable":true,"href":"http:\/\/ekenasfotoklubb.org\/index.php?rest_route=%2Fwp%2Fv2%2Ftags&post=2704"},{"taxonomy":"table_tags","embeddable":true,"href":"http:\/\/ekenasfotoklubb.org\/index.php?rest_route=%2Fwp%2Fv2%2Ftable_tags&post=2704"}],"curies":[{"name":"wp","href":"https:\/\/api.w.org\/{rel}","templated":true}]}}