{"id":2710,"date":"2020-10-08T08:10:31","date_gmt":"2020-10-08T05:10:31","guid":{"rendered":"http:\/\/ekenasfotoklubb.org\/?p=2710"},"modified":"2020-10-08T08:10:31","modified_gmt":"2020-10-08T05:10:31","slug":"efk-naturfoto-2020","status":"publish","type":"post","link":"http:\/\/ekenasfotoklubb.org\/?p=2710","title":{"rendered":"EFK Naturfoto, 2020"},"content":{"rendered":"<p>Klubbens naturfotot\u00e4vling 2020 avgjordes vid g\u00e5rdagens m\u00f6te. I t\u00e4vlingen deltog 12 klubbmedlemmar med totalt 36 bilder.<br \/>\n<a href=\"https:\/\/www.facebook.com\/fotoapertura\/\">Foto Apertura r.f.<\/a>, en fotof\u00f6rening fr\u00e5n Pargas, st\u00e4llde den h\u00e4r g\u00e5ngen upp som domare och valde ut top 3 bilderna samt 2 hedersomn\u00e4mnda bilder.<\/p>\n<p>Den vinnande bilden, &#8220;Fem hjortar&#8221;, togs av Kenneth Weber.<img loading=\"lazy\" class=\"alignnone size-large wp-image-2714\" style=\"background-color: #ffffff;\" src=\"http:\/\/ekenasfotoklubb.org\/wp-content\/uploads\/2020\/10\/11-Fem-Hjortar-Kenneth-Weber-1024x685.jpg\" alt=\"\" width=\"1024\" height=\"685\" srcset=\"http:\/\/ekenasfotoklubb.org\/wp-content\/uploads\/2020\/10\/11-Fem-Hjortar-Kenneth-Weber-1024x685.jpg 1024w, http:\/\/ekenasfotoklubb.org\/wp-content\/uploads\/2020\/10\/11-Fem-Hjortar-Kenneth-Weber-300x201.jpg 300w, http:\/\/ekenasfotoklubb.org\/wp-content\/uploads\/2020\/10\/11-Fem-Hjortar-Kenneth-Weber-768x514.jpg 768w, http:\/\/ekenasfotoklubb.org\/wp-content\/uploads\/2020\/10\/11-Fem-Hjortar-Kenneth-Weber-448x300.jpg 448w, http:\/\/ekenasfotoklubb.org\/wp-content\/uploads\/2020\/10\/11-Fem-Hjortar-Kenneth-Weber.jpg 1200w\" sizes=\"(max-width: 1024px) 100vw, 1024px\" \/><\/p>\n<p>P\u00e5 andra plats kom Annika Lindbloms &#8220;R\u00f6dhake&#8221;<br \/>\n<a href=\"http:\/\/ekenasfotoklubb.org\/wp-content\/uploads\/2020\/10\/21-R\u00f6dhanke-Annika-Lindblom.jpg\"><img loading=\"lazy\" class=\"alignnone  wp-image-2715\" src=\"http:\/\/ekenasfotoklubb.org\/wp-content\/uploads\/2020\/10\/21-R\u00f6dhanke-Annika-Lindblom-819x1024.jpg\" alt=\"\" width=\"457\" height=\"570\" srcset=\"http:\/\/ekenasfotoklubb.org\/wp-content\/uploads\/2020\/10\/21-R\u00f6dhanke-Annika-Lindblom-819x1024.jpg 819w, http:\/\/ekenasfotoklubb.org\/wp-content\/uploads\/2020\/10\/21-R\u00f6dhanke-Annika-Lindblom-240x300.jpg 240w, http:\/\/ekenasfotoklubb.org\/wp-content\/uploads\/2020\/10\/21-R\u00f6dhanke-Annika-Lindblom-768x960.jpg 768w, http:\/\/ekenasfotoklubb.org\/wp-content\/uploads\/2020\/10\/21-R\u00f6dhanke-Annika-Lindblom.jpg 960w\" sizes=\"(max-width: 457px) 100vw, 457px\" \/><\/a><\/p>\n<p>Tredje plats gick till Patrick Bagge och bilden &#8220;Svanar&#8221;<a href=\"http:\/\/ekenasfotoklubb.org\/wp-content\/uploads\/2020\/10\/32-Svanar-Patrick-Bagge.jpg\"><img loading=\"lazy\" class=\"alignnone size-large wp-image-2712\" src=\"http:\/\/ekenasfotoklubb.org\/wp-content\/uploads\/2020\/10\/32-Svanar-Patrick-Bagge-1024x576.jpg\" alt=\"\" width=\"1024\" height=\"576\" srcset=\"http:\/\/ekenasfotoklubb.org\/wp-content\/uploads\/2020\/10\/32-Svanar-Patrick-Bagge-1024x576.jpg 1024w, http:\/\/ekenasfotoklubb.org\/wp-content\/uploads\/2020\/10\/32-Svanar-Patrick-Bagge-300x169.jpg 300w, http:\/\/ekenasfotoklubb.org\/wp-content\/uploads\/2020\/10\/32-Svanar-Patrick-Bagge-768x432.jpg 768w, http:\/\/ekenasfotoklubb.org\/wp-content\/uploads\/2020\/10\/32-Svanar-Patrick-Bagge-500x281.jpg 500w, http:\/\/ekenasfotoklubb.org\/wp-content\/uploads\/2020\/10\/32-Svanar-Patrick-Bagge.jpg 1200w\" sizes=\"(max-width: 1024px) 100vw, 1024px\" \/><\/a><\/p>\n<p>F\u00f6rsta Hedersomn\u00e4mndande fick Patrick Bagge med &#8220;T\u00e4rna&#8221;<a href=\"http:\/\/ekenasfotoklubb.org\/wp-content\/uploads\/2020\/10\/34-T\u00e4rna-Patrick-Bagge.jpg\"><img loading=\"lazy\" class=\"alignnone size-large wp-image-2713\" src=\"http:\/\/ekenasfotoklubb.org\/wp-content\/uploads\/2020\/10\/34-T\u00e4rna-Patrick-Bagge-1024x683.jpg\" alt=\"\" width=\"1024\" height=\"683\" srcset=\"http:\/\/ekenasfotoklubb.org\/wp-content\/uploads\/2020\/10\/34-T\u00e4rna-Patrick-Bagge-1024x683.jpg 1024w, http:\/\/ekenasfotoklubb.org\/wp-content\/uploads\/2020\/10\/34-T\u00e4rna-Patrick-Bagge-300x200.jpg 300w, http:\/\/ekenasfotoklubb.org\/wp-content\/uploads\/2020\/10\/34-T\u00e4rna-Patrick-Bagge-768x512.jpg 768w, http:\/\/ekenasfotoklubb.org\/wp-content\/uploads\/2020\/10\/34-T\u00e4rna-Patrick-Bagge-450x300.jpg 450w, http:\/\/ekenasfotoklubb.org\/wp-content\/uploads\/2020\/10\/34-T\u00e4rna-Patrick-Bagge.jpg 1200w\" sizes=\"(max-width: 1024px) 100vw, 1024px\" \/><\/a><\/p>\n<p>Och andra Hedersomn\u00e4mnande gick till Peter Sj\u00f6strand med bilden &#8220;Strand&#8221;<img loading=\"lazy\" class=\"alignnone size-large wp-image-2711\" style=\"background-color: #ffffff;\" src=\"http:\/\/ekenasfotoklubb.org\/wp-content\/uploads\/2020\/10\/29-Strand-Peter-Sj\u00f6strand-1024x540.jpg\" alt=\"\" width=\"1024\" height=\"540\" srcset=\"http:\/\/ekenasfotoklubb.org\/wp-content\/uploads\/2020\/10\/29-Strand-Peter-Sj\u00f6strand-1024x540.jpg 1024w, http:\/\/ekenasfotoklubb.org\/wp-content\/uploads\/2020\/10\/29-Strand-Peter-Sj\u00f6strand-300x158.jpg 300w, http:\/\/ekenasfotoklubb.org\/wp-content\/uploads\/2020\/10\/29-Strand-Peter-Sj\u00f6strand-768x405.jpg 768w, http:\/\/ekenasfotoklubb.org\/wp-content\/uploads\/2020\/10\/29-Strand-Peter-Sj\u00f6strand-500x264.jpg 500w, http:\/\/ekenasfotoklubb.org\/wp-content\/uploads\/2020\/10\/29-Strand-Peter-Sj\u00f6strand.jpg 1200w\" sizes=\"(max-width: 1024px) 100vw, 1024px\" \/><\/p>\n<p>Gratulationer till alla premierade fotografer!&nbsp;<\/p>\n<p>H\u00e4r kan man titta p\u00e5 alla deltagande bilder:<br \/>\n<a href=\"https:\/\/www.flickr.com\/gp\/187154860@N08\/902mya\">https:\/\/www.flickr.com\/gp\/187154860@N08\/902mya<\/a><\/p>\n<p>&nbsp;<\/p>\n","protected":false},"excerpt":{"rendered":"<p>Klubbens naturfotot\u00e4vling 2020 avgjordes vid g\u00e5rdagens m\u00f6te. I t\u00e4vlingen deltog 12 klubbmedlemmar med totalt 36 bilder. Foto Apertura r.f., en fotof\u00f6rening fr\u00e5n Pargas, st\u00e4llde den h\u00e4r g\u00e5ngen upp som domare och valde ut top 3 bilderna samt 2 hedersomn\u00e4mnda bilder. Den vinnande bilden, &#8220;Fem hjortar&#8221;, togs av Kenneth Weber. P\u00e5 andra plats kom Annika Lindbloms &#8220;R\u00f6dhake&#8221; Tredje plats gick till Patrick Bagge och bilden &#8220;Svanar&#8221; F\u00f6rsta Hedersomn\u00e4mndande fick Patrick Bagge med &#8220;T\u00e4rna&#8221; Och andra Hedersomn\u00e4mnande gick till Peter Sj\u00f6strand med bilden &#8220;Strand&#8221; Gratulationer till alla premierade fotografer!&nbsp; H\u00e4r kan man titta p\u00e5 alla deltagande bilder: https:\/\/www.flickr.com\/gp\/187154860@N08\/902mya &nbsp; &hellip; <a class=\"more-link\" href=\"http:\/\/ekenasfotoklubb.org\/?p=2710\">L\u00e4s mer <span class=\"meta-nav\">&rarr;<\/span><\/a><\/p>\n","protected":false},"author":17,"featured_media":0,"comment_status":"closed","ping_status":"closed","sticky":false,"template":"","format":"standard","meta":{"ngg_post_thumbnail":0},"categories":[1],"tags":[],"table_tags":[],"_links":{"self":[{"href":"http:\/\/ekenasfotoklubb.org\/index.php?rest_route=\/wp\/v2\/posts\/2710"}],"collection":[{"href":"http:\/\/ekenasfotoklubb.org\/index.php?rest_route=\/wp\/v2\/posts"}],"about":[{"href":"http:\/\/ekenasfotoklubb.org\/index.php?rest_route=\/wp\/v2\/types\/post"}],"author":[{"embeddable":true,"href":"http:\/\/ekenasfotoklubb.org\/index.php?rest_route=\/wp\/v2\/users\/17"}],"replies":[{"embeddable":true,"href":"http:\/\/ekenasfotoklubb.org\/index.php?rest_route=%2Fwp%2Fv2%2Fcomments&post=2710"}],"version-history":[{"count":1,"href":"http:\/\/ekenasfotoklubb.org\/index.php?rest_route=\/wp\/v2\/posts\/2710\/revisions"}],"predecessor-version":[{"id":2716,"href":"http:\/\/ekenasfotoklubb.org\/index.php?rest_route=\/wp\/v2\/posts\/2710\/revisions\/2716"}],"wp:attachment":[{"href":"http:\/\/ekenasfotoklubb.org\/index.php?rest_route=%2Fwp%2Fv2%2Fmedia&parent=2710"}],"wp:term":[{"taxonomy":"category","embeddable":true,"href":"http:\/\/ekenasfotoklubb.org\/index.php?rest_route=%2Fwp%2Fv2%2Fcategories&post=2710"},{"taxonomy":"post_tag","embeddable":true,"href":"http:\/\/ekenasfotoklubb.org\/index.php?rest_route=%2Fwp%2Fv2%2Ftags&post=2710"},{"taxonomy":"table_tags","embeddable":true,"href":"http:\/\/ekenasfotoklubb.org\/index.php?rest_route=%2Fwp%2Fv2%2Ftable_tags&post=2710"}],"curies":[{"name":"wp","href":"https:\/\/api.w.org\/{rel}","templated":true}]}}