{"id":2753,"date":"2021-01-17T15:09:33","date_gmt":"2021-01-17T13:09:33","guid":{"rendered":"http:\/\/ekenasfotoklubb.org\/?p=2753"},"modified":"2021-01-17T15:09:33","modified_gmt":"2021-01-17T13:09:33","slug":"fotobesok-till-snappertuna","status":"publish","type":"post","link":"http:\/\/ekenasfotoklubb.org\/?p=2753","title":{"rendered":"Fotobes\u00f6k till Snappertuna"},"content":{"rendered":"<p>Eftersom vi f\u00f6r tillf\u00e4lle str\u00e4var till att ha s\u00e5 m\u00e5nga av v\u00e5ra m\u00f6ten som m\u00f6jligt utomhus s\u00e5 bar v\u00e5rt f\u00f6r \u00e5ret f\u00f6rsta m\u00f6te, onsdag 6.1, iv\u00e4g till Snappertuna. Dom flesta av deltagarnas bilder finns p\u00e5 v\u00e5r facebook grupp:&nbsp; <a href=\"https:\/\/www.facebook.com\/groups\/793105497411862\">https:\/\/www.facebook.com\/groups\/793105497411862<\/a><\/p>\n<p><a href=\"http:\/\/ekenasfotoklubb.org\/wp-content\/uploads\/2021\/01\/IMG_0298.jpg\"><img loading=\"lazy\" class=\"alignnone wp-image-2755\" src=\"http:\/\/ekenasfotoklubb.org\/wp-content\/uploads\/2021\/01\/IMG_0298-1024x768.jpg\" alt=\"\" width=\"347\" height=\"260\" srcset=\"http:\/\/ekenasfotoklubb.org\/wp-content\/uploads\/2021\/01\/IMG_0298-1024x768.jpg 1024w, http:\/\/ekenasfotoklubb.org\/wp-content\/uploads\/2021\/01\/IMG_0298-300x225.jpg 300w, http:\/\/ekenasfotoklubb.org\/wp-content\/uploads\/2021\/01\/IMG_0298-768x576.jpg 768w, http:\/\/ekenasfotoklubb.org\/wp-content\/uploads\/2021\/01\/IMG_0298-400x300.jpg 400w, http:\/\/ekenasfotoklubb.org\/wp-content\/uploads\/2021\/01\/IMG_0298.jpg 1600w\" sizes=\"(max-width: 347px) 100vw, 347px\" \/><\/a><a href=\"http:\/\/ekenasfotoklubb.org\/wp-content\/uploads\/2021\/01\/IMG_0329_AuroraHDR-edit-2.jpg\"><img loading=\"lazy\" class=\"alignnone wp-image-2754\" src=\"http:\/\/ekenasfotoklubb.org\/wp-content\/uploads\/2021\/01\/IMG_0329_AuroraHDR-edit-2-1024x641.jpg\" alt=\"\" width=\"415\" height=\"260\" srcset=\"http:\/\/ekenasfotoklubb.org\/wp-content\/uploads\/2021\/01\/IMG_0329_AuroraHDR-edit-2-1024x641.jpg 1024w, http:\/\/ekenasfotoklubb.org\/wp-content\/uploads\/2021\/01\/IMG_0329_AuroraHDR-edit-2-300x188.jpg 300w, http:\/\/ekenasfotoklubb.org\/wp-content\/uploads\/2021\/01\/IMG_0329_AuroraHDR-edit-2-768x481.jpg 768w, http:\/\/ekenasfotoklubb.org\/wp-content\/uploads\/2021\/01\/IMG_0329_AuroraHDR-edit-2-479x300.jpg 479w, http:\/\/ekenasfotoklubb.org\/wp-content\/uploads\/2021\/01\/IMG_0329_AuroraHDR-edit-2.jpg 1917w\" sizes=\"(max-width: 415px) 100vw, 415px\" \/><\/a><\/p>\n","protected":false},"excerpt":{"rendered":"<p>Eftersom vi f\u00f6r tillf\u00e4lle str\u00e4var till att ha s\u00e5 m\u00e5nga av v\u00e5ra m\u00f6ten som m\u00f6jligt utomhus s\u00e5 bar v\u00e5rt f\u00f6r \u00e5ret f\u00f6rsta m\u00f6te, onsdag 6.1, iv\u00e4g till Snappertuna. Dom flesta av deltagarnas bilder finns p\u00e5 v\u00e5r facebook grupp:&nbsp; https:\/\/www.facebook.com\/groups\/793105497411862 &hellip; <a class=\"more-link\" href=\"http:\/\/ekenasfotoklubb.org\/?p=2753\">L\u00e4s mer <span class=\"meta-nav\">&rarr;<\/span><\/a><\/p>\n","protected":false},"author":17,"featured_media":0,"comment_status":"closed","ping_status":"closed","sticky":false,"template":"","format":"standard","meta":{"ngg_post_thumbnail":0},"categories":[1],"tags":[],"table_tags":[],"_links":{"self":[{"href":"http:\/\/ekenasfotoklubb.org\/index.php?rest_route=\/wp\/v2\/posts\/2753"}],"collection":[{"href":"http:\/\/ekenasfotoklubb.org\/index.php?rest_route=\/wp\/v2\/posts"}],"about":[{"href":"http:\/\/ekenasfotoklubb.org\/index.php?rest_route=\/wp\/v2\/types\/post"}],"author":[{"embeddable":true,"href":"http:\/\/ekenasfotoklubb.org\/index.php?rest_route=\/wp\/v2\/users\/17"}],"replies":[{"embeddable":true,"href":"http:\/\/ekenasfotoklubb.org\/index.php?rest_route=%2Fwp%2Fv2%2Fcomments&post=2753"}],"version-history":[{"count":1,"href":"http:\/\/ekenasfotoklubb.org\/index.php?rest_route=\/wp\/v2\/posts\/2753\/revisions"}],"predecessor-version":[{"id":2756,"href":"http:\/\/ekenasfotoklubb.org\/index.php?rest_route=\/wp\/v2\/posts\/2753\/revisions\/2756"}],"wp:attachment":[{"href":"http:\/\/ekenasfotoklubb.org\/index.php?rest_route=%2Fwp%2Fv2%2Fmedia&parent=2753"}],"wp:term":[{"taxonomy":"category","embeddable":true,"href":"http:\/\/ekenasfotoklubb.org\/index.php?rest_route=%2Fwp%2Fv2%2Fcategories&post=2753"},{"taxonomy":"post_tag","embeddable":true,"href":"http:\/\/ekenasfotoklubb.org\/index.php?rest_route=%2Fwp%2Fv2%2Ftags&post=2753"},{"taxonomy":"table_tags","embeddable":true,"href":"http:\/\/ekenasfotoklubb.org\/index.php?rest_route=%2Fwp%2Fv2%2Ftable_tags&post=2753"}],"curies":[{"name":"wp","href":"https:\/\/api.w.org\/{rel}","templated":true}]}}