{"id":2758,"date":"2021-01-19T09:02:07","date_gmt":"2021-01-19T07:02:07","guid":{"rendered":"http:\/\/ekenasfotoklubb.org\/?p=2758"},"modified":"2021-01-19T09:02:07","modified_gmt":"2021-01-19T07:02:07","slug":"mandagsmote-18-1-vuoden-luontokuva","status":"publish","type":"post","link":"http:\/\/ekenasfotoklubb.org\/?p=2758","title":{"rendered":"M\u00e5ndagsm\u00f6te 18.1, Vuoden Luontokuva"},"content":{"rendered":"<p>P\u00e5 m\u00f6tet fick vi lyssna till Annika Lindblom och Lasse Sundstr\u00f6m ber\u00e4tta om hur det var att delta som domare i Nordens st\u00f6rsta naturfotot\u00e4vling, dvs. Vuoden Luontokuva.<br \/>\nHur sj\u00e4lva processen gick till och hur de fyra domarna tillsammans valde ut de premierade fotografierna.&nbsp;<br \/>\nLite vinkar fick vi ocks\u00e5 ifall vi har planerat att delta i t\u00e4vlingen, n\u00e4rmast hur vi ska se till att inte f\u00e5 v\u00e5ra bilder diskvalificerade och kanske lite kring hurudan typ av bilder det generellt sett kanske inte l\u00f6nar sig ha med i t\u00e4vligen.<\/p>\n<p>Tack Annika och Lasse f\u00f6r presentationen och diskussionen.<\/p>\n<p>Noteras b\u00f6r att om man vill delta i \u00e5rets version av Vuoden Luontokuva s\u00e5 ska man l\u00e4mna in bilder f\u00f6re 3.2.2021.<br \/>\nMera detaljer finns h\u00e4r: <a href=\"http:\/\/www.vuodenluontokuva.fi\/vlk\/2021\">http:\/\/www.vuodenluontokuva.fi\/vlk\/2021<\/a><\/p>\n","protected":false},"excerpt":{"rendered":"<p>P\u00e5 m\u00f6tet fick vi lyssna till Annika Lindblom och Lasse Sundstr\u00f6m ber\u00e4tta om hur det var att delta som domare i Nordens st\u00f6rsta naturfotot\u00e4vling, dvs. Vuoden Luontokuva. Hur sj\u00e4lva processen gick till och hur de fyra domarna tillsammans valde ut de premierade fotografierna.&nbsp; Lite vinkar fick vi ocks\u00e5 ifall vi har planerat att delta i t\u00e4vlingen, n\u00e4rmast hur vi ska se till att inte f\u00e5 v\u00e5ra bilder diskvalificerade och kanske lite kring hurudan typ av bilder det generellt sett kanske inte l\u00f6nar sig ha med i t\u00e4vligen. Tack Annika och Lasse f\u00f6r presentationen och diskussionen. Noteras b\u00f6r att om man &hellip; <a class=\"more-link\" href=\"http:\/\/ekenasfotoklubb.org\/?p=2758\">L\u00e4s mer <span class=\"meta-nav\">&rarr;<\/span><\/a><\/p>\n","protected":false},"author":17,"featured_media":0,"comment_status":"closed","ping_status":"closed","sticky":false,"template":"","format":"standard","meta":{"ngg_post_thumbnail":0},"categories":[1],"tags":[],"table_tags":[],"_links":{"self":[{"href":"http:\/\/ekenasfotoklubb.org\/index.php?rest_route=\/wp\/v2\/posts\/2758"}],"collection":[{"href":"http:\/\/ekenasfotoklubb.org\/index.php?rest_route=\/wp\/v2\/posts"}],"about":[{"href":"http:\/\/ekenasfotoklubb.org\/index.php?rest_route=\/wp\/v2\/types\/post"}],"author":[{"embeddable":true,"href":"http:\/\/ekenasfotoklubb.org\/index.php?rest_route=\/wp\/v2\/users\/17"}],"replies":[{"embeddable":true,"href":"http:\/\/ekenasfotoklubb.org\/index.php?rest_route=%2Fwp%2Fv2%2Fcomments&post=2758"}],"version-history":[{"count":1,"href":"http:\/\/ekenasfotoklubb.org\/index.php?rest_route=\/wp\/v2\/posts\/2758\/revisions"}],"predecessor-version":[{"id":2759,"href":"http:\/\/ekenasfotoklubb.org\/index.php?rest_route=\/wp\/v2\/posts\/2758\/revisions\/2759"}],"wp:attachment":[{"href":"http:\/\/ekenasfotoklubb.org\/index.php?rest_route=%2Fwp%2Fv2%2Fmedia&parent=2758"}],"wp:term":[{"taxonomy":"category","embeddable":true,"href":"http:\/\/ekenasfotoklubb.org\/index.php?rest_route=%2Fwp%2Fv2%2Fcategories&post=2758"},{"taxonomy":"post_tag","embeddable":true,"href":"http:\/\/ekenasfotoklubb.org\/index.php?rest_route=%2Fwp%2Fv2%2Ftags&post=2758"},{"taxonomy":"table_tags","embeddable":true,"href":"http:\/\/ekenasfotoklubb.org\/index.php?rest_route=%2Fwp%2Fv2%2Ftable_tags&post=2758"}],"curies":[{"name":"wp","href":"https:\/\/api.w.org\/{rel}","templated":true}]}}