{"id":2760,"date":"2021-01-19T09:12:06","date_gmt":"2021-01-19T07:12:06","guid":{"rendered":"http:\/\/ekenasfotoklubb.org\/?p=2760"},"modified":"2021-01-19T09:12:06","modified_gmt":"2021-01-19T07:12:06","slug":"arsmotet-och-arstavlingen-flyttar-framat-till-17-5","status":"publish","type":"post","link":"http:\/\/ekenasfotoklubb.org\/?p=2760","title":{"rendered":"\u00c5rsm\u00f6tet och \u00e5rst\u00e4vlingen flyttar fram\u00e5t till 17.5"},"content":{"rendered":"<div>Styrelsen har beslutat att skjuta fram f\u00f6reningens \u00e5rsm\u00f6te till 17.5.<\/div>\n<div>N\u00e4rmast f\u00f6r att m\u00f6jligg\u00f6ra att s\u00e5 m\u00e5nga som m\u00f6jligt kan delta. Kanske vi i det skedet kan tr\u00e4ffas i klubblokalen, eller alternativt i n\u00e5t st\u00f6rre utrymme, och kanske en del av oss t.om. redan \u00e4r vaccinerade i det skedet.<\/div>\n<div>Samtidigt tyckte vi att det d\u00e4rmed ocks\u00e5 \u00e4r lika bra att skjuta fram \u00e5rst\u00e4vlingarna till samma datum. Det skulle inte vara lika fint att titta p\u00e5 t\u00e4vlingsbilderna via n\u00e4tm\u00f6te.<br \/>\nDet h\u00e4r betyder att vi har n\u00e5gra m\u00e5nader extra tid att skaffa fram bilder till \u00e5rst\u00e4vlingen! \ud83d\ude42<\/div>\n<div>&nbsp;<\/div>\n<div>Vi \u00e5terkommer senare med nytt datum f\u00f6r bildinl\u00e4mning till t\u00e4vlingskategorierna.<\/div>\n","protected":false},"excerpt":{"rendered":"<p>Styrelsen har beslutat att skjuta fram f\u00f6reningens \u00e5rsm\u00f6te till 17.5. N\u00e4rmast f\u00f6r att m\u00f6jligg\u00f6ra att s\u00e5 m\u00e5nga som m\u00f6jligt kan delta. Kanske vi i det skedet kan tr\u00e4ffas i klubblokalen, eller alternativt i n\u00e5t st\u00f6rre utrymme, och kanske en del av oss t.om. redan \u00e4r vaccinerade i det skedet. Samtidigt tyckte vi att det d\u00e4rmed ocks\u00e5 \u00e4r lika bra att skjuta fram \u00e5rst\u00e4vlingarna till samma datum. Det skulle inte vara lika fint att titta p\u00e5 t\u00e4vlingsbilderna via n\u00e4tm\u00f6te. Det h\u00e4r betyder att vi har n\u00e5gra m\u00e5nader extra tid att skaffa fram bilder till \u00e5rst\u00e4vlingen! \ud83d\ude42 &nbsp; Vi \u00e5terkommer senare med &hellip; <a class=\"more-link\" href=\"http:\/\/ekenasfotoklubb.org\/?p=2760\">L\u00e4s mer <span class=\"meta-nav\">&rarr;<\/span><\/a><\/p>\n","protected":false},"author":17,"featured_media":0,"comment_status":"closed","ping_status":"closed","sticky":false,"template":"","format":"standard","meta":{"ngg_post_thumbnail":0},"categories":[1],"tags":[],"table_tags":[],"_links":{"self":[{"href":"http:\/\/ekenasfotoklubb.org\/index.php?rest_route=\/wp\/v2\/posts\/2760"}],"collection":[{"href":"http:\/\/ekenasfotoklubb.org\/index.php?rest_route=\/wp\/v2\/posts"}],"about":[{"href":"http:\/\/ekenasfotoklubb.org\/index.php?rest_route=\/wp\/v2\/types\/post"}],"author":[{"embeddable":true,"href":"http:\/\/ekenasfotoklubb.org\/index.php?rest_route=\/wp\/v2\/users\/17"}],"replies":[{"embeddable":true,"href":"http:\/\/ekenasfotoklubb.org\/index.php?rest_route=%2Fwp%2Fv2%2Fcomments&post=2760"}],"version-history":[{"count":1,"href":"http:\/\/ekenasfotoklubb.org\/index.php?rest_route=\/wp\/v2\/posts\/2760\/revisions"}],"predecessor-version":[{"id":2761,"href":"http:\/\/ekenasfotoklubb.org\/index.php?rest_route=\/wp\/v2\/posts\/2760\/revisions\/2761"}],"wp:attachment":[{"href":"http:\/\/ekenasfotoklubb.org\/index.php?rest_route=%2Fwp%2Fv2%2Fmedia&parent=2760"}],"wp:term":[{"taxonomy":"category","embeddable":true,"href":"http:\/\/ekenasfotoklubb.org\/index.php?rest_route=%2Fwp%2Fv2%2Fcategories&post=2760"},{"taxonomy":"post_tag","embeddable":true,"href":"http:\/\/ekenasfotoklubb.org\/index.php?rest_route=%2Fwp%2Fv2%2Ftags&post=2760"},{"taxonomy":"table_tags","embeddable":true,"href":"http:\/\/ekenasfotoklubb.org\/index.php?rest_route=%2Fwp%2Fv2%2Ftable_tags&post=2760"}],"curies":[{"name":"wp","href":"https:\/\/api.w.org\/{rel}","templated":true}]}}