{"id":2851,"date":"2021-05-14T10:55:28","date_gmt":"2021-05-14T07:55:28","guid":{"rendered":"http:\/\/ekenasfotoklubb.org\/?p=2851"},"modified":"2021-05-14T10:55:28","modified_gmt":"2021-05-14T07:55:28","slug":"manadsmote-12-5-ovanmalm","status":"publish","type":"post","link":"http:\/\/ekenasfotoklubb.org\/?p=2851","title":{"rendered":"M\u00e5nadsm\u00f6te, 12.5.   Ovanmalm"},"content":{"rendered":"<p>En del klubbmedlemmar tr\u00e4ffades i friluftsomr\u00e5det i Ovanmalm. D\u00e4r fick vi h\u00f6ra lite av omr\u00e5dets historik av Romi Rancken, och ta del av den fina naturen medan vi gick stigen kring Kvarntr\u00e4sk, och en sv\u00e4ng till L\u00e5ngtr\u00e4sk. Vi avslutade kv\u00e4llen med lite grillkorv och dylikt kring en av eldplatserna.<br \/>\n<a href=\"http:\/\/ekenasfotoklubb.org\/wp-content\/uploads\/2021\/05\/20210512_195043.jpg\"><img loading=\"lazy\" class=\"alignnone size-large wp-image-2852\" src=\"http:\/\/ekenasfotoklubb.org\/wp-content\/uploads\/2021\/05\/20210512_195043-1024x330.jpg\" alt=\"\" width=\"1024\" height=\"330\" srcset=\"http:\/\/ekenasfotoklubb.org\/wp-content\/uploads\/2021\/05\/20210512_195043-1024x330.jpg 1024w, http:\/\/ekenasfotoklubb.org\/wp-content\/uploads\/2021\/05\/20210512_195043-300x97.jpg 300w, http:\/\/ekenasfotoklubb.org\/wp-content\/uploads\/2021\/05\/20210512_195043-768x248.jpg 768w, http:\/\/ekenasfotoklubb.org\/wp-content\/uploads\/2021\/05\/20210512_195043-1536x495.jpg 1536w, http:\/\/ekenasfotoklubb.org\/wp-content\/uploads\/2021\/05\/20210512_195043-500x161.jpg 500w, http:\/\/ekenasfotoklubb.org\/wp-content\/uploads\/2021\/05\/20210512_195043.jpg 1920w\" sizes=\"(max-width: 1024px) 100vw, 1024px\" \/><\/a>Som bekant hittar&nbsp; man en hel del bilder p\u00e5 fotoklubbens facebookgrupp! \ud83d\ude42<\/p>\n","protected":false},"excerpt":{"rendered":"<p>En del klubbmedlemmar tr\u00e4ffades i friluftsomr\u00e5det i Ovanmalm. D\u00e4r fick vi h\u00f6ra lite av omr\u00e5dets historik av Romi Rancken, och ta del av den fina naturen medan vi gick stigen kring Kvarntr\u00e4sk, och en sv\u00e4ng till L\u00e5ngtr\u00e4sk. Vi avslutade kv\u00e4llen med lite grillkorv och dylikt kring en av eldplatserna. Som bekant hittar&nbsp; man en hel del bilder p\u00e5 fotoklubbens facebookgrupp! \ud83d\ude42 &hellip; <a class=\"more-link\" href=\"http:\/\/ekenasfotoklubb.org\/?p=2851\">L\u00e4s mer <span class=\"meta-nav\">&rarr;<\/span><\/a><\/p>\n","protected":false},"author":17,"featured_media":0,"comment_status":"closed","ping_status":"closed","sticky":false,"template":"","format":"standard","meta":{"ngg_post_thumbnail":0},"categories":[1],"tags":[],"table_tags":[],"_links":{"self":[{"href":"http:\/\/ekenasfotoklubb.org\/index.php?rest_route=\/wp\/v2\/posts\/2851"}],"collection":[{"href":"http:\/\/ekenasfotoklubb.org\/index.php?rest_route=\/wp\/v2\/posts"}],"about":[{"href":"http:\/\/ekenasfotoklubb.org\/index.php?rest_route=\/wp\/v2\/types\/post"}],"author":[{"embeddable":true,"href":"http:\/\/ekenasfotoklubb.org\/index.php?rest_route=\/wp\/v2\/users\/17"}],"replies":[{"embeddable":true,"href":"http:\/\/ekenasfotoklubb.org\/index.php?rest_route=%2Fwp%2Fv2%2Fcomments&post=2851"}],"version-history":[{"count":1,"href":"http:\/\/ekenasfotoklubb.org\/index.php?rest_route=\/wp\/v2\/posts\/2851\/revisions"}],"predecessor-version":[{"id":2853,"href":"http:\/\/ekenasfotoklubb.org\/index.php?rest_route=\/wp\/v2\/posts\/2851\/revisions\/2853"}],"wp:attachment":[{"href":"http:\/\/ekenasfotoklubb.org\/index.php?rest_route=%2Fwp%2Fv2%2Fmedia&parent=2851"}],"wp:term":[{"taxonomy":"category","embeddable":true,"href":"http:\/\/ekenasfotoklubb.org\/index.php?rest_route=%2Fwp%2Fv2%2Fcategories&post=2851"},{"taxonomy":"post_tag","embeddable":true,"href":"http:\/\/ekenasfotoklubb.org\/index.php?rest_route=%2Fwp%2Fv2%2Ftags&post=2851"},{"taxonomy":"table_tags","embeddable":true,"href":"http:\/\/ekenasfotoklubb.org\/index.php?rest_route=%2Fwp%2Fv2%2Ftable_tags&post=2851"}],"curies":[{"name":"wp","href":"https:\/\/api.w.org\/{rel}","templated":true}]}}