{"id":2899,"date":"2021-09-07T10:29:07","date_gmt":"2021-09-07T07:29:07","guid":{"rendered":"http:\/\/ekenasfotoklubb.org\/?p=2899"},"modified":"2021-09-07T10:29:07","modified_gmt":"2021-09-07T07:29:07","slug":"start-pa-hostsasongen-1-9-2021","status":"publish","type":"post","link":"http:\/\/ekenasfotoklubb.org\/?p=2899","title":{"rendered":"Start p\u00e5 h\u00f6sts\u00e4songen 1.9.2021"},"content":{"rendered":"<p>Eken\u00e4s fotoklubb startade h\u00f6stens aktiviteter med en tr\u00e4ff ute vid klubblokalen. Vivve fungerade som m\u00f6tesv\u00e4rd och ledde v\u00e5ra \u00f6vningar som den h\u00e4r g\u00e5ngen cirkulerade kring det fototekniska temat &#8220;Forced perspective&#8221;, kanske forcerat eller tvingart perspektiv p\u00e5 svenska. Mera detaljer kring tekniken i fr\u00e5ga hittar man t.ex. h\u00e4r: <a href=\"https:\/\/sv.wikipedia.org\/wiki\/Forcerat_perspektiv\">https:\/\/sv.wikipedia.org\/wiki\/Forcerat_perspektiv<\/a><\/p>\n<p>Nedan n\u00e5gra bilder fr\u00e5n aktiviteten&#8230;. och p\u00e5 v\u00e5r Facebook grupp hittar man m\u00e5nga bilder tagna av deltagarna:<br \/>\n<a href=\"https:\/\/www.facebook.com\/groups\/793105497411862\">https:\/\/www.facebook.com\/groups\/793105497411862<\/a><\/p>\n<p><a href=\"http:\/\/ekenasfotoklubb.org\/wp-content\/uploads\/2021\/09\/240965180_10160533499631789_796562919045683154_n.jpg\"><img loading=\"lazy\" class=\"alignnone  wp-image-2900\" src=\"http:\/\/ekenasfotoklubb.org\/wp-content\/uploads\/2021\/09\/240965180_10160533499631789_796562919045683154_n-1024x546.jpg\" alt=\"\" width=\"1018\" height=\"552\"><\/a> <a href=\"http:\/\/ekenasfotoklubb.org\/wp-content\/uploads\/2021\/09\/Screenshot-2021-09-07-102525.jpg\"><img loading=\"lazy\" class=\"alignnone  wp-image-2901\" src=\"http:\/\/ekenasfotoklubb.org\/wp-content\/uploads\/2021\/09\/Screenshot-2021-09-07-102525-1024x650.jpg\" alt=\"\" width=\"386\" height=\"249\"><\/a><a href=\"http:\/\/ekenasfotoklubb.org\/wp-content\/uploads\/2021\/09\/Screenshot-2021-09-07-102448.jpg\"><img loading=\"lazy\" class=\"wp-image-2902 alignleft\" src=\"http:\/\/ekenasfotoklubb.org\/wp-content\/uploads\/2021\/09\/Screenshot-2021-09-07-102448-1024x978.jpg\" alt=\"\" width=\"374\" height=\"357\" srcset=\"http:\/\/ekenasfotoklubb.org\/wp-content\/uploads\/2021\/09\/Screenshot-2021-09-07-102448-1024x978.jpg 1024w, http:\/\/ekenasfotoklubb.org\/wp-content\/uploads\/2021\/09\/Screenshot-2021-09-07-102448-300x287.jpg 300w, http:\/\/ekenasfotoklubb.org\/wp-content\/uploads\/2021\/09\/Screenshot-2021-09-07-102448-768x734.jpg 768w, http:\/\/ekenasfotoklubb.org\/wp-content\/uploads\/2021\/09\/Screenshot-2021-09-07-102448-314x300.jpg 314w, http:\/\/ekenasfotoklubb.org\/wp-content\/uploads\/2021\/09\/Screenshot-2021-09-07-102448.jpg 1256w\" sizes=\"(max-width: 374px) 100vw, 374px\" \/><\/a><\/p>\n","protected":false},"excerpt":{"rendered":"<p>Eken\u00e4s fotoklubb startade h\u00f6stens aktiviteter med en tr\u00e4ff ute vid klubblokalen. Vivve fungerade som m\u00f6tesv\u00e4rd och ledde v\u00e5ra \u00f6vningar som den h\u00e4r g\u00e5ngen cirkulerade kring det fototekniska temat &#8220;Forced perspective&#8221;, kanske forcerat eller tvingart perspektiv p\u00e5 svenska. Mera detaljer kring tekniken i fr\u00e5ga hittar man t.ex. h\u00e4r: https:\/\/sv.wikipedia.org\/wiki\/Forcerat_perspektiv Nedan n\u00e5gra bilder fr\u00e5n aktiviteten&#8230;. och p\u00e5 v\u00e5r Facebook grupp hittar man m\u00e5nga bilder tagna av deltagarna: https:\/\/www.facebook.com\/groups\/793105497411862 &hellip; <a class=\"more-link\" href=\"http:\/\/ekenasfotoklubb.org\/?p=2899\">L\u00e4s mer <span class=\"meta-nav\">&rarr;<\/span><\/a><\/p>\n","protected":false},"author":17,"featured_media":0,"comment_status":"closed","ping_status":"closed","sticky":false,"template":"","format":"standard","meta":{"ngg_post_thumbnail":0},"categories":[1],"tags":[],"table_tags":[],"_links":{"self":[{"href":"http:\/\/ekenasfotoklubb.org\/index.php?rest_route=\/wp\/v2\/posts\/2899"}],"collection":[{"href":"http:\/\/ekenasfotoklubb.org\/index.php?rest_route=\/wp\/v2\/posts"}],"about":[{"href":"http:\/\/ekenasfotoklubb.org\/index.php?rest_route=\/wp\/v2\/types\/post"}],"author":[{"embeddable":true,"href":"http:\/\/ekenasfotoklubb.org\/index.php?rest_route=\/wp\/v2\/users\/17"}],"replies":[{"embeddable":true,"href":"http:\/\/ekenasfotoklubb.org\/index.php?rest_route=%2Fwp%2Fv2%2Fcomments&post=2899"}],"version-history":[{"count":1,"href":"http:\/\/ekenasfotoklubb.org\/index.php?rest_route=\/wp\/v2\/posts\/2899\/revisions"}],"predecessor-version":[{"id":2903,"href":"http:\/\/ekenasfotoklubb.org\/index.php?rest_route=\/wp\/v2\/posts\/2899\/revisions\/2903"}],"wp:attachment":[{"href":"http:\/\/ekenasfotoklubb.org\/index.php?rest_route=%2Fwp%2Fv2%2Fmedia&parent=2899"}],"wp:term":[{"taxonomy":"category","embeddable":true,"href":"http:\/\/ekenasfotoklubb.org\/index.php?rest_route=%2Fwp%2Fv2%2Fcategories&post=2899"},{"taxonomy":"post_tag","embeddable":true,"href":"http:\/\/ekenasfotoklubb.org\/index.php?rest_route=%2Fwp%2Fv2%2Ftags&post=2899"},{"taxonomy":"table_tags","embeddable":true,"href":"http:\/\/ekenasfotoklubb.org\/index.php?rest_route=%2Fwp%2Fv2%2Ftable_tags&post=2899"}],"curies":[{"name":"wp","href":"https:\/\/api.w.org\/{rel}","templated":true}]}}