{"id":2923,"date":"2021-10-20T08:22:03","date_gmt":"2021-10-20T05:22:03","guid":{"rendered":"http:\/\/ekenasfotoklubb.org\/?p=2923"},"modified":"2021-10-20T08:22:03","modified_gmt":"2021-10-20T05:22:03","slug":"naturfototavling-2021-18-10","status":"publish","type":"post","link":"http:\/\/ekenasfotoklubb.org\/?p=2923","title":{"rendered":"Naturfotot\u00e4vling 2021, 18.10"},"content":{"rendered":"<p>P\u00e5 m\u00e5ndag presenterades resultatet i fotoklubbens Naturfotot\u00e4vling. Till allas v\u00e5r gl\u00e4dje hade H\u00e5kan Eklund st\u00e4llt upp som domare och gav utf\u00f6rliga kommentarer till alla de rekordm\u00e5nga deltagande bilderna. Han hade ocks\u00e5 kategoriserat bilderna och utdelade en stor m\u00e4ngd hedersomn\u00e4mnanden \u00e5t de bilder han valde som b\u00e4sta inom de olika kategorierna.<\/p>\n<p>Nedan syns alla bilder som fick en top-3 placering eller ett hedersomn\u00e4mnande av domaren.<\/p>\n<p>Alla deltagande bilder kan ses i st\u00f6rre format via den h\u00e4r l\u00e4nken:<br \/>\n<a href=\"https:\/\/www.flickr.com\/gp\/187154860@N08\/4u7Yo5\">https:\/\/www.flickr.com\/gp\/187154860@N08\/4u7Yo5<\/a><\/p>\n<div id=\"attachment_2925\" style=\"width: 1034px\" class=\"wp-caption alignnone\"><a href=\"http:\/\/ekenasfotoklubb.org\/wp-content\/uploads\/2021\/10\/35-Solnedgang-pa-angen-Roland-Oster.jpg\"><img aria-describedby=\"caption-attachment-2925\" loading=\"lazy\" class=\"wp-image-2925 size-large\" src=\"http:\/\/ekenasfotoklubb.org\/wp-content\/uploads\/2021\/10\/35-Solnedgang-pa-angen-Roland-Oster-1024x756.jpg\" alt=\"\" width=\"1024\" height=\"756\" srcset=\"http:\/\/ekenasfotoklubb.org\/wp-content\/uploads\/2021\/10\/35-Solnedgang-pa-angen-Roland-Oster-1024x756.jpg 1024w, http:\/\/ekenasfotoklubb.org\/wp-content\/uploads\/2021\/10\/35-Solnedgang-pa-angen-Roland-Oster-300x222.jpg 300w, http:\/\/ekenasfotoklubb.org\/wp-content\/uploads\/2021\/10\/35-Solnedgang-pa-angen-Roland-Oster-768x567.jpg 768w, http:\/\/ekenasfotoklubb.org\/wp-content\/uploads\/2021\/10\/35-Solnedgang-pa-angen-Roland-Oster-1536x1134.jpg 1536w, http:\/\/ekenasfotoklubb.org\/wp-content\/uploads\/2021\/10\/35-Solnedgang-pa-angen-Roland-Oster-406x300.jpg 406w, http:\/\/ekenasfotoklubb.org\/wp-content\/uploads\/2021\/10\/35-Solnedgang-pa-angen-Roland-Oster.jpg 1625w\" sizes=\"(max-width: 1024px) 100vw, 1024px\" \/><\/a><p id=\"caption-attachment-2925\" class=\"wp-caption-text\">Vinnande bild och domarens favorit. &#8220;Solnedg\u00e5ng p\u00e5 \u00e4ngen&#8221; &#8211; Roland \u00d6ster<\/p><\/div>\n<div id=\"attachment_2935\" style=\"width: 1034px\" class=\"wp-caption alignnone\"><a href=\"http:\/\/ekenasfotoklubb.org\/wp-content\/uploads\/2021\/10\/22-Maalla-on-mukavaa-Satu-Wikstrom.jpg\"><img aria-describedby=\"caption-attachment-2935\" loading=\"lazy\" class=\"wp-image-2935 size-large\" src=\"http:\/\/ekenasfotoklubb.org\/wp-content\/uploads\/2021\/10\/22-Maalla-on-mukavaa-Satu-Wikstrom-1024x768.jpg\" alt=\"\" width=\"1024\" height=\"768\" srcset=\"http:\/\/ekenasfotoklubb.org\/wp-content\/uploads\/2021\/10\/22-Maalla-on-mukavaa-Satu-Wikstrom-1024x768.jpg 1024w, http:\/\/ekenasfotoklubb.org\/wp-content\/uploads\/2021\/10\/22-Maalla-on-mukavaa-Satu-Wikstrom-300x225.jpg 300w, http:\/\/ekenasfotoklubb.org\/wp-content\/uploads\/2021\/10\/22-Maalla-on-mukavaa-Satu-Wikstrom-768x576.jpg 768w, http:\/\/ekenasfotoklubb.org\/wp-content\/uploads\/2021\/10\/22-Maalla-on-mukavaa-Satu-Wikstrom-1536x1152.jpg 1536w, http:\/\/ekenasfotoklubb.org\/wp-content\/uploads\/2021\/10\/22-Maalla-on-mukavaa-Satu-Wikstrom-400x300.jpg 400w, http:\/\/ekenasfotoklubb.org\/wp-content\/uploads\/2021\/10\/22-Maalla-on-mukavaa-Satu-Wikstrom.jpg 1600w\" sizes=\"(max-width: 1024px) 100vw, 1024px\" \/><\/a><p id=\"caption-attachment-2935\" class=\"wp-caption-text\">Andra plats i t\u00e4vlingen &#8211; &#8220;Maalla on mukavaa&#8221; &#8211; Satu Wikstr\u00f6m<\/p><\/div>\n<div id=\"attachment_2931\" style=\"width: 1034px\" class=\"wp-caption alignnone\"><a href=\"http:\/\/ekenasfotoklubb.org\/wp-content\/uploads\/2021\/10\/10-Frusna-grenar-Chris-Alfthan.jpg\"><img aria-describedby=\"caption-attachment-2931\" loading=\"lazy\" class=\"wp-image-2931 size-large\" src=\"http:\/\/ekenasfotoklubb.org\/wp-content\/uploads\/2021\/10\/10-Frusna-grenar-Chris-Alfthan-1024x683.jpg\" alt=\"\" width=\"1024\" height=\"683\" srcset=\"http:\/\/ekenasfotoklubb.org\/wp-content\/uploads\/2021\/10\/10-Frusna-grenar-Chris-Alfthan-1024x683.jpg 1024w, http:\/\/ekenasfotoklubb.org\/wp-content\/uploads\/2021\/10\/10-Frusna-grenar-Chris-Alfthan-300x200.jpg 300w, http:\/\/ekenasfotoklubb.org\/wp-content\/uploads\/2021\/10\/10-Frusna-grenar-Chris-Alfthan-768x512.jpg 768w, http:\/\/ekenasfotoklubb.org\/wp-content\/uploads\/2021\/10\/10-Frusna-grenar-Chris-Alfthan-1536x1024.jpg 1536w, http:\/\/ekenasfotoklubb.org\/wp-content\/uploads\/2021\/10\/10-Frusna-grenar-Chris-Alfthan-450x300.jpg 450w, http:\/\/ekenasfotoklubb.org\/wp-content\/uploads\/2021\/10\/10-Frusna-grenar-Chris-Alfthan.jpg 1800w\" sizes=\"(max-width: 1024px) 100vw, 1024px\" \/><\/a><p id=\"caption-attachment-2931\" class=\"wp-caption-text\">T\u00e4vlingens tredje plats &#8211; &#8220;Frusna grenar&#8221; &#8211; Chris Alfthan<\/p><\/div>\n<div id=\"attachment_2926\" style=\"width: 1034px\" class=\"wp-caption alignnone\"><a href=\"http:\/\/ekenasfotoklubb.org\/wp-content\/uploads\/2021\/10\/39-Trana-Patrick-Bagge.jpg\"><img aria-describedby=\"caption-attachment-2926\" loading=\"lazy\" class=\"wp-image-2926 size-large\" src=\"http:\/\/ekenasfotoklubb.org\/wp-content\/uploads\/2021\/10\/39-Trana-Patrick-Bagge-1024x576.jpg\" alt=\"\" width=\"1024\" height=\"576\" srcset=\"http:\/\/ekenasfotoklubb.org\/wp-content\/uploads\/2021\/10\/39-Trana-Patrick-Bagge-1024x576.jpg 1024w, http:\/\/ekenasfotoklubb.org\/wp-content\/uploads\/2021\/10\/39-Trana-Patrick-Bagge-300x169.jpg 300w, http:\/\/ekenasfotoklubb.org\/wp-content\/uploads\/2021\/10\/39-Trana-Patrick-Bagge-768x432.jpg 768w, http:\/\/ekenasfotoklubb.org\/wp-content\/uploads\/2021\/10\/39-Trana-Patrick-Bagge-1536x864.jpg 1536w, http:\/\/ekenasfotoklubb.org\/wp-content\/uploads\/2021\/10\/39-Trana-Patrick-Bagge-500x281.jpg 500w, http:\/\/ekenasfotoklubb.org\/wp-content\/uploads\/2021\/10\/39-Trana-Patrick-Bagge.jpg 1920w\" sizes=\"(max-width: 1024px) 100vw, 1024px\" \/><\/a><p id=\"caption-attachment-2926\" class=\"wp-caption-text\">Hedersomn\u00e4mnande i kategorin F\u00e5glar &#8211; &#8220;Trana&#8221; &#8211; Patrick Bagge<\/p><\/div>\n<div id=\"attachment_2934\" style=\"width: 1034px\" class=\"wp-caption alignnone\"><a href=\"http:\/\/ekenasfotoklubb.org\/wp-content\/uploads\/2021\/10\/19-Korpar-Patrick-Bagge.jpg\"><img aria-describedby=\"caption-attachment-2934\" loading=\"lazy\" class=\"wp-image-2934 size-large\" src=\"http:\/\/ekenasfotoklubb.org\/wp-content\/uploads\/2021\/10\/19-Korpar-Patrick-Bagge-1024x683.jpg\" alt=\"\" width=\"1024\" height=\"683\" srcset=\"http:\/\/ekenasfotoklubb.org\/wp-content\/uploads\/2021\/10\/19-Korpar-Patrick-Bagge-1024x683.jpg 1024w, http:\/\/ekenasfotoklubb.org\/wp-content\/uploads\/2021\/10\/19-Korpar-Patrick-Bagge-300x200.jpg 300w, http:\/\/ekenasfotoklubb.org\/wp-content\/uploads\/2021\/10\/19-Korpar-Patrick-Bagge-768x512.jpg 768w, http:\/\/ekenasfotoklubb.org\/wp-content\/uploads\/2021\/10\/19-Korpar-Patrick-Bagge-1536x1024.jpg 1536w, http:\/\/ekenasfotoklubb.org\/wp-content\/uploads\/2021\/10\/19-Korpar-Patrick-Bagge-450x300.jpg 450w, http:\/\/ekenasfotoklubb.org\/wp-content\/uploads\/2021\/10\/19-Korpar-Patrick-Bagge.jpg 1800w\" sizes=\"(max-width: 1024px) 100vw, 1024px\" \/><\/a><p id=\"caption-attachment-2934\" class=\"wp-caption-text\">Hedersomn\u00e4mnande i kategorin F\u00e5glar &#8211; Korpar&#8221; &#8211; Patrick Bagge<\/p><\/div>\n<div id=\"attachment_2927\" style=\"width: 1034px\" class=\"wp-caption alignnone\"><img aria-describedby=\"caption-attachment-2927\" loading=\"lazy\" class=\"wp-image-2927 size-large\" style=\"background-color: #ffffff;\" src=\"http:\/\/ekenasfotoklubb.org\/wp-content\/uploads\/2021\/10\/45-Vy-fran-riisitunturi-Tommy-Soderholm-1024x683.jpg\" alt=\"\" width=\"1024\" height=\"683\" srcset=\"http:\/\/ekenasfotoklubb.org\/wp-content\/uploads\/2021\/10\/45-Vy-fran-riisitunturi-Tommy-Soderholm-1024x683.jpg 1024w, http:\/\/ekenasfotoklubb.org\/wp-content\/uploads\/2021\/10\/45-Vy-fran-riisitunturi-Tommy-Soderholm-300x200.jpg 300w, http:\/\/ekenasfotoklubb.org\/wp-content\/uploads\/2021\/10\/45-Vy-fran-riisitunturi-Tommy-Soderholm-768x512.jpg 768w, http:\/\/ekenasfotoklubb.org\/wp-content\/uploads\/2021\/10\/45-Vy-fran-riisitunturi-Tommy-Soderholm-1536x1024.jpg 1536w, http:\/\/ekenasfotoklubb.org\/wp-content\/uploads\/2021\/10\/45-Vy-fran-riisitunturi-Tommy-Soderholm-450x300.jpg 450w, http:\/\/ekenasfotoklubb.org\/wp-content\/uploads\/2021\/10\/45-Vy-fran-riisitunturi-Tommy-Soderholm.jpg 1800w\" sizes=\"(max-width: 1024px) 100vw, 1024px\" \/><p id=\"caption-attachment-2927\" class=\"wp-caption-text\">Hedersomn\u00e4mnande i kategorin Landskap &#8211; &#8220;Vy fr\u00e5n Riisitunturi&#8221; &#8211; Tommy S\u00f6derholm<\/p><\/div>\n<div id=\"attachment_2932\" style=\"width: 1034px\" class=\"wp-caption alignnone\"><img aria-describedby=\"caption-attachment-2932\" loading=\"lazy\" class=\"wp-image-2932 size-large\" style=\"background-color: #ffffff;\" src=\"http:\/\/ekenasfotoklubb.org\/wp-content\/uploads\/2021\/10\/13-Hangodimma-Ulla-Johnsson-1024x621.jpg\" alt=\"\" width=\"1024\" height=\"621\" srcset=\"http:\/\/ekenasfotoklubb.org\/wp-content\/uploads\/2021\/10\/13-Hangodimma-Ulla-Johnsson-1024x621.jpg 1024w, http:\/\/ekenasfotoklubb.org\/wp-content\/uploads\/2021\/10\/13-Hangodimma-Ulla-Johnsson-300x182.jpg 300w, http:\/\/ekenasfotoklubb.org\/wp-content\/uploads\/2021\/10\/13-Hangodimma-Ulla-Johnsson-768x466.jpg 768w, http:\/\/ekenasfotoklubb.org\/wp-content\/uploads\/2021\/10\/13-Hangodimma-Ulla-Johnsson-1536x931.jpg 1536w, http:\/\/ekenasfotoklubb.org\/wp-content\/uploads\/2021\/10\/13-Hangodimma-Ulla-Johnsson-495x300.jpg 495w, http:\/\/ekenasfotoklubb.org\/wp-content\/uploads\/2021\/10\/13-Hangodimma-Ulla-Johnsson.jpg 1920w\" sizes=\"(max-width: 1024px) 100vw, 1024px\" \/><p id=\"caption-attachment-2932\" class=\"wp-caption-text\">Hedersomn\u00e4mnande i kategorin Landskap &#8211; &#8220;Hang\u00f6dimma&#8221; &#8211; Ulla Johnsson<\/p><\/div>\n<div id=\"attachment_2924\" style=\"width: 1034px\" class=\"wp-caption alignnone\"><a href=\"http:\/\/ekenasfotoklubb.org\/wp-content\/uploads\/2021\/10\/33-Sensommarsken-Mia-Falck.jpg\"><img aria-describedby=\"caption-attachment-2924\" loading=\"lazy\" class=\"wp-image-2924 size-large\" src=\"http:\/\/ekenasfotoklubb.org\/wp-content\/uploads\/2021\/10\/33-Sensommarsken-Mia-Falck-1024x688.jpg\" alt=\"\" width=\"1024\" height=\"688\" srcset=\"http:\/\/ekenasfotoklubb.org\/wp-content\/uploads\/2021\/10\/33-Sensommarsken-Mia-Falck-1024x688.jpg 1024w, http:\/\/ekenasfotoklubb.org\/wp-content\/uploads\/2021\/10\/33-Sensommarsken-Mia-Falck-300x202.jpg 300w, http:\/\/ekenasfotoklubb.org\/wp-content\/uploads\/2021\/10\/33-Sensommarsken-Mia-Falck-768x516.jpg 768w, http:\/\/ekenasfotoklubb.org\/wp-content\/uploads\/2021\/10\/33-Sensommarsken-Mia-Falck-1536x1032.jpg 1536w, http:\/\/ekenasfotoklubb.org\/wp-content\/uploads\/2021\/10\/33-Sensommarsken-Mia-Falck-447x300.jpg 447w, http:\/\/ekenasfotoklubb.org\/wp-content\/uploads\/2021\/10\/33-Sensommarsken-Mia-Falck.jpg 1786w\" sizes=\"(max-width: 1024px) 100vw, 1024px\" \/><\/a><p id=\"caption-attachment-2924\" class=\"wp-caption-text\">Hedersomn\u00e4mnande i kategorin M\u00e4nniska i milj\u00f6 &#8211; &#8220;Sensommarsken&#8221; &#8211; Mia Falck<\/p><\/div>\n<div id=\"attachment_2929\" style=\"width: 1034px\" class=\"wp-caption alignnone\"><a href=\"http:\/\/ekenasfotoklubb.org\/wp-content\/uploads\/2021\/10\/5-Ekonomiskog-Annika-Lindblom.jpg\"><img aria-describedby=\"caption-attachment-2929\" loading=\"lazy\" class=\"wp-image-2929 size-large\" src=\"http:\/\/ekenasfotoklubb.org\/wp-content\/uploads\/2021\/10\/5-Ekonomiskog-Annika-Lindblom-1024x683.jpg\" alt=\"\" width=\"1024\" height=\"683\" srcset=\"http:\/\/ekenasfotoklubb.org\/wp-content\/uploads\/2021\/10\/5-Ekonomiskog-Annika-Lindblom-1024x683.jpg 1024w, http:\/\/ekenasfotoklubb.org\/wp-content\/uploads\/2021\/10\/5-Ekonomiskog-Annika-Lindblom-300x200.jpg 300w, http:\/\/ekenasfotoklubb.org\/wp-content\/uploads\/2021\/10\/5-Ekonomiskog-Annika-Lindblom-768x512.jpg 768w, http:\/\/ekenasfotoklubb.org\/wp-content\/uploads\/2021\/10\/5-Ekonomiskog-Annika-Lindblom-1536x1024.jpg 1536w, http:\/\/ekenasfotoklubb.org\/wp-content\/uploads\/2021\/10\/5-Ekonomiskog-Annika-Lindblom-450x300.jpg 450w, http:\/\/ekenasfotoklubb.org\/wp-content\/uploads\/2021\/10\/5-Ekonomiskog-Annika-Lindblom.jpg 1800w\" sizes=\"(max-width: 1024px) 100vw, 1024px\" \/><\/a><p id=\"caption-attachment-2929\" class=\"wp-caption-text\">Hedersomn\u00e4mnande i kategorin Kreativ bild &#8211; &#8220;Ekonomiskog&#8221; &#8211; Annika Lindblom<\/p><\/div>\n<div id=\"attachment_2930\" style=\"width: 1034px\" class=\"wp-caption alignnone\"><a href=\"http:\/\/ekenasfotoklubb.org\/wp-content\/uploads\/2021\/10\/9-Flugornas-dans-i-Liljans-doft-Dennis-Barman.jpg\"><img aria-describedby=\"caption-attachment-2930\" loading=\"lazy\" class=\"wp-image-2930 size-large\" src=\"http:\/\/ekenasfotoklubb.org\/wp-content\/uploads\/2021\/10\/9-Flugornas-dans-i-Liljans-doft-Dennis-Barman-1024x576.jpg\" alt=\"\" width=\"1024\" height=\"576\" srcset=\"http:\/\/ekenasfotoklubb.org\/wp-content\/uploads\/2021\/10\/9-Flugornas-dans-i-Liljans-doft-Dennis-Barman-1024x576.jpg 1024w, http:\/\/ekenasfotoklubb.org\/wp-content\/uploads\/2021\/10\/9-Flugornas-dans-i-Liljans-doft-Dennis-Barman-300x169.jpg 300w, http:\/\/ekenasfotoklubb.org\/wp-content\/uploads\/2021\/10\/9-Flugornas-dans-i-Liljans-doft-Dennis-Barman-768x432.jpg 768w, http:\/\/ekenasfotoklubb.org\/wp-content\/uploads\/2021\/10\/9-Flugornas-dans-i-Liljans-doft-Dennis-Barman-1536x864.jpg 1536w, http:\/\/ekenasfotoklubb.org\/wp-content\/uploads\/2021\/10\/9-Flugornas-dans-i-Liljans-doft-Dennis-Barman-500x281.jpg 500w, http:\/\/ekenasfotoklubb.org\/wp-content\/uploads\/2021\/10\/9-Flugornas-dans-i-Liljans-doft-Dennis-Barman.jpg 1920w\" sizes=\"(max-width: 1024px) 100vw, 1024px\" \/><\/a><p id=\"caption-attachment-2930\" class=\"wp-caption-text\">Hedersomn\u00e4mnande i kategorin V\u00e4xter &#8211; Flugornas dans i Liljans doft &#8211; Dennis Barman. Valdes \u00e4ven till bilden med b\u00e4sta bildnamn!<\/p><\/div>\n<p>&nbsp;<\/p>\n<p>&nbsp;<\/p>\n<div id=\"attachment_2933\" style=\"width: 1034px\" class=\"wp-caption alignnone\"><a href=\"http:\/\/ekenasfotoklubb.org\/wp-content\/uploads\/2021\/10\/14-Halge-Kenneth.jpg\"><img aria-describedby=\"caption-attachment-2933\" loading=\"lazy\" class=\"wp-image-2933 size-large\" src=\"http:\/\/ekenasfotoklubb.org\/wp-content\/uploads\/2021\/10\/14-Halge-Kenneth-1024x1024.jpg\" alt=\"\" width=\"1024\" height=\"1024\" srcset=\"http:\/\/ekenasfotoklubb.org\/wp-content\/uploads\/2021\/10\/14-Halge-Kenneth-1024x1024.jpg 1024w, http:\/\/ekenasfotoklubb.org\/wp-content\/uploads\/2021\/10\/14-Halge-Kenneth-300x300.jpg 300w, http:\/\/ekenasfotoklubb.org\/wp-content\/uploads\/2021\/10\/14-Halge-Kenneth-150x150.jpg 150w, http:\/\/ekenasfotoklubb.org\/wp-content\/uploads\/2021\/10\/14-Halge-Kenneth-768x768.jpg 768w, http:\/\/ekenasfotoklubb.org\/wp-content\/uploads\/2021\/10\/14-Halge-Kenneth.jpg 1200w\" sizes=\"(max-width: 1024px) 100vw, 1024px\" \/><\/a><p id=\"caption-attachment-2933\" class=\"wp-caption-text\">Hedersomn\u00e4mnande i kategorin D\u00e4ggdjur &#8211; &#8220;H\u00e4lge&#8221; &#8211; Kenneth Weber<\/p><\/div>\n<div id=\"attachment_2928\" style=\"width: 1034px\" class=\"wp-caption alignnone\"><img aria-describedby=\"caption-attachment-2928\" loading=\"lazy\" class=\"wp-image-2928 size-large\" style=\"background-color: #ffffff;\" src=\"http:\/\/ekenasfotoklubb.org\/wp-content\/uploads\/2021\/10\/4-Bromsen-med-handbromsen-pa-Roland-Oster-1024x684.jpg\" alt=\"\" width=\"1024\" height=\"684\" srcset=\"http:\/\/ekenasfotoklubb.org\/wp-content\/uploads\/2021\/10\/4-Bromsen-med-handbromsen-pa-Roland-Oster-1024x684.jpg 1024w, http:\/\/ekenasfotoklubb.org\/wp-content\/uploads\/2021\/10\/4-Bromsen-med-handbromsen-pa-Roland-Oster-300x200.jpg 300w, http:\/\/ekenasfotoklubb.org\/wp-content\/uploads\/2021\/10\/4-Bromsen-med-handbromsen-pa-Roland-Oster-768x513.jpg 768w, http:\/\/ekenasfotoklubb.org\/wp-content\/uploads\/2021\/10\/4-Bromsen-med-handbromsen-pa-Roland-Oster-1536x1026.jpg 1536w, http:\/\/ekenasfotoklubb.org\/wp-content\/uploads\/2021\/10\/4-Bromsen-med-handbromsen-pa-Roland-Oster-449x300.jpg 449w, http:\/\/ekenasfotoklubb.org\/wp-content\/uploads\/2021\/10\/4-Bromsen-med-handbromsen-pa-Roland-Oster.jpg 1797w\" sizes=\"(max-width: 1024px) 100vw, 1024px\" \/><p id=\"caption-attachment-2928\" class=\"wp-caption-text\">Hedersomn\u00e4mnande i kategorin insektsbild &#8211; &#8220;Bromsen med handbromsen p\u00e5&#8221; &#8211; Roland \u00d6ster<\/p><\/div>\n","protected":false},"excerpt":{"rendered":"<p>P\u00e5 m\u00e5ndag presenterades resultatet i fotoklubbens Naturfotot\u00e4vling. Till allas v\u00e5r gl\u00e4dje hade H\u00e5kan Eklund st\u00e4llt upp som domare och gav utf\u00f6rliga kommentarer till alla de rekordm\u00e5nga deltagande bilderna. Han hade ocks\u00e5 kategoriserat bilderna och utdelade en stor m\u00e4ngd hedersomn\u00e4mnanden \u00e5t de bilder han valde som b\u00e4sta inom de olika kategorierna. Nedan syns alla bilder som fick en top-3 placering eller ett hedersomn\u00e4mnande av domaren. Alla deltagande bilder kan ses i st\u00f6rre format via den h\u00e4r l\u00e4nken: https:\/\/www.flickr.com\/gp\/187154860@N08\/4u7Yo5 &nbsp; &nbsp; &hellip; <a class=\"more-link\" href=\"http:\/\/ekenasfotoklubb.org\/?p=2923\">L\u00e4s mer <span class=\"meta-nav\">&rarr;<\/span><\/a><\/p>\n","protected":false},"author":17,"featured_media":0,"comment_status":"closed","ping_status":"closed","sticky":false,"template":"","format":"standard","meta":{"ngg_post_thumbnail":0},"categories":[1],"tags":[],"table_tags":[],"_links":{"self":[{"href":"http:\/\/ekenasfotoklubb.org\/index.php?rest_route=\/wp\/v2\/posts\/2923"}],"collection":[{"href":"http:\/\/ekenasfotoklubb.org\/index.php?rest_route=\/wp\/v2\/posts"}],"about":[{"href":"http:\/\/ekenasfotoklubb.org\/index.php?rest_route=\/wp\/v2\/types\/post"}],"author":[{"embeddable":true,"href":"http:\/\/ekenasfotoklubb.org\/index.php?rest_route=\/wp\/v2\/users\/17"}],"replies":[{"embeddable":true,"href":"http:\/\/ekenasfotoklubb.org\/index.php?rest_route=%2Fwp%2Fv2%2Fcomments&post=2923"}],"version-history":[{"count":1,"href":"http:\/\/ekenasfotoklubb.org\/index.php?rest_route=\/wp\/v2\/posts\/2923\/revisions"}],"predecessor-version":[{"id":2936,"href":"http:\/\/ekenasfotoklubb.org\/index.php?rest_route=\/wp\/v2\/posts\/2923\/revisions\/2936"}],"wp:attachment":[{"href":"http:\/\/ekenasfotoklubb.org\/index.php?rest_route=%2Fwp%2Fv2%2Fmedia&parent=2923"}],"wp:term":[{"taxonomy":"category","embeddable":true,"href":"http:\/\/ekenasfotoklubb.org\/index.php?rest_route=%2Fwp%2Fv2%2Fcategories&post=2923"},{"taxonomy":"post_tag","embeddable":true,"href":"http:\/\/ekenasfotoklubb.org\/index.php?rest_route=%2Fwp%2Fv2%2Ftags&post=2923"},{"taxonomy":"table_tags","embeddable":true,"href":"http:\/\/ekenasfotoklubb.org\/index.php?rest_route=%2Fwp%2Fv2%2Ftable_tags&post=2923"}],"curies":[{"name":"wp","href":"https:\/\/api.w.org\/{rel}","templated":true}]}}