{"id":2957,"date":"2021-12-02T10:31:44","date_gmt":"2021-12-02T08:31:44","guid":{"rendered":"http:\/\/ekenasfotoklubb.org\/?p=2957"},"modified":"2021-12-02T10:31:44","modified_gmt":"2021-12-02T08:31:44","slug":"nedtagning-av-arkitektur-utstallningen","status":"publish","type":"post","link":"http:\/\/ekenasfotoklubb.org\/?p=2957","title":{"rendered":"Nedtagning av &#8220;Arkitektur&#8221;-utst\u00e4llningen"},"content":{"rendered":"<p>P\u00e5 m\u00e5ndag 29.11 tog Peter, Gunnar och Rolle ner fotoutst\u00e4llningen av klubbens sommaruppgiftsbilder. Sommaruppgiften det h\u00e4r \u00e5ret var &#8220;Arkitektur&#8221;. 24&nbsp; bilder har hela oktober varit utst\u00e4llda i Eken\u00e4s bibliotek och i november i Pojo bibliotek. Under hela den tiden har utst\u00e4llningsbes\u00f6kare kunnat r\u00f6sta p\u00e5 sina favoritbilder.<\/p>\n<p>Nedan syns de 3 bilder som f\u00e5tt flest r\u00f6ster av bes\u00f6karna.<br \/>\nAlla deltagande bilder (inklusive en lista av utst\u00e4llningens fotografier) hittar man h\u00e4r:<br \/>\n<a href=\"https:\/\/www.flickr.com\/gp\/187154860@N08\/B35E65\">https:\/\/www.flickr.com\/gp\/187154860@N08\/B35E65<\/a><\/p>\n<p>Bland alla inl\u00e4mnade r\u00f6stsedlar har vi lottat fram 3st. Personerna som l\u00e4mnat in dessa r\u00f6stsedlar kommer att vinna ett pris.<br \/>\nGrattis Tiina Karimaa, Lauri Johnson, Anne Ingman<br \/>\nVi kontaktar er tre separat.<\/p>\n<p>&nbsp;<\/p>\n<div id=\"attachment_2958\" style=\"width: 694px\" class=\"wp-caption alignnone\"><a href=\"http:\/\/ekenasfotoklubb.org\/wp-content\/uploads\/2021\/12\/20-Outi.jpg\"><img aria-describedby=\"caption-attachment-2958\" loading=\"lazy\" class=\"wp-image-2958 size-large\" src=\"http:\/\/ekenasfotoklubb.org\/wp-content\/uploads\/2021\/12\/20-Outi-684x1024.jpg\" alt=\"\" width=\"684\" height=\"1024\" srcset=\"http:\/\/ekenasfotoklubb.org\/wp-content\/uploads\/2021\/12\/20-Outi-684x1024.jpg 684w, http:\/\/ekenasfotoklubb.org\/wp-content\/uploads\/2021\/12\/20-Outi-200x300.jpg 200w, http:\/\/ekenasfotoklubb.org\/wp-content\/uploads\/2021\/12\/20-Outi-768x1151.jpg 768w, http:\/\/ekenasfotoklubb.org\/wp-content\/uploads\/2021\/12\/20-Outi.jpg 801w\" sizes=\"(max-width: 684px) 100vw, 684px\" \/><\/a><p id=\"caption-attachment-2958\" class=\"wp-caption-text\">F\u00f6rsta plats med 55 r\u00f6ster. Bild nr. 20. av Outi Karikivi En bild fr\u00e5n trapphuset i Bengtsk\u00e4r fyr.<\/p><\/div>\n<p>&nbsp;<\/p>\n<div id=\"attachment_2959\" style=\"width: 1034px\" class=\"wp-caption alignnone\"><a href=\"http:\/\/ekenasfotoklubb.org\/wp-content\/uploads\/2021\/12\/02-Anita.jpg\"><img aria-describedby=\"caption-attachment-2959\" loading=\"lazy\" class=\"wp-image-2959 size-large\" src=\"http:\/\/ekenasfotoklubb.org\/wp-content\/uploads\/2021\/12\/02-Anita-1024x932.jpg\" alt=\"\" width=\"1024\" height=\"932\" srcset=\"http:\/\/ekenasfotoklubb.org\/wp-content\/uploads\/2021\/12\/02-Anita-1024x932.jpg 1024w, http:\/\/ekenasfotoklubb.org\/wp-content\/uploads\/2021\/12\/02-Anita-300x273.jpg 300w, http:\/\/ekenasfotoklubb.org\/wp-content\/uploads\/2021\/12\/02-Anita-768x699.jpg 768w, http:\/\/ekenasfotoklubb.org\/wp-content\/uploads\/2021\/12\/02-Anita-330x300.jpg 330w, http:\/\/ekenasfotoklubb.org\/wp-content\/uploads\/2021\/12\/02-Anita.jpg 1318w\" sizes=\"(max-width: 1024px) 100vw, 1024px\" \/><\/a><p id=\"caption-attachment-2959\" class=\"wp-caption-text\">Andra plats med 30 r\u00f6ster. Bild nr. 2. av Anita Valtonen. En bild av stallet vid Pr\u00e4stkulla g\u00e5rd.<\/p><\/div>\n<div id=\"attachment_2960\" style=\"width: 1034px\" class=\"wp-caption alignnone\"><a href=\"http:\/\/ekenasfotoklubb.org\/wp-content\/uploads\/2021\/12\/11-Vivve.jpg\"><img aria-describedby=\"caption-attachment-2960\" loading=\"lazy\" class=\"wp-image-2960 size-large\" src=\"http:\/\/ekenasfotoklubb.org\/wp-content\/uploads\/2021\/12\/11-Vivve-1024x788.jpg\" alt=\"\" width=\"1024\" height=\"788\" srcset=\"http:\/\/ekenasfotoklubb.org\/wp-content\/uploads\/2021\/12\/11-Vivve-1024x788.jpg 1024w, http:\/\/ekenasfotoklubb.org\/wp-content\/uploads\/2021\/12\/11-Vivve-300x231.jpg 300w, http:\/\/ekenasfotoklubb.org\/wp-content\/uploads\/2021\/12\/11-Vivve-768x591.jpg 768w, http:\/\/ekenasfotoklubb.org\/wp-content\/uploads\/2021\/12\/11-Vivve-1536x1182.jpg 1536w, http:\/\/ekenasfotoklubb.org\/wp-content\/uploads\/2021\/12\/11-Vivve-390x300.jpg 390w, http:\/\/ekenasfotoklubb.org\/wp-content\/uploads\/2021\/12\/11-Vivve.jpg 1560w\" sizes=\"(max-width: 1024px) 100vw, 1024px\" \/><\/a><p id=\"caption-attachment-2960\" class=\"wp-caption-text\">Tredje plats med 27 r\u00f6ster. Bild nr. 11. av Viveka Rabehl. En bild av Bengtsk\u00e4rs fyr.<\/p><\/div>\n","protected":false},"excerpt":{"rendered":"<p>P\u00e5 m\u00e5ndag 29.11 tog Peter, Gunnar och Rolle ner fotoutst\u00e4llningen av klubbens sommaruppgiftsbilder. Sommaruppgiften det h\u00e4r \u00e5ret var &#8220;Arkitektur&#8221;. 24&nbsp; bilder har hela oktober varit utst\u00e4llda i Eken\u00e4s bibliotek och i november i Pojo bibliotek. Under hela den tiden har utst\u00e4llningsbes\u00f6kare kunnat r\u00f6sta p\u00e5 sina favoritbilder. Nedan syns de 3 bilder som f\u00e5tt flest r\u00f6ster av bes\u00f6karna. Alla deltagande bilder (inklusive en lista av utst\u00e4llningens fotografier) hittar man h\u00e4r: https:\/\/www.flickr.com\/gp\/187154860@N08\/B35E65 Bland alla inl\u00e4mnade r\u00f6stsedlar har vi lottat fram 3st. Personerna som l\u00e4mnat in dessa r\u00f6stsedlar kommer att vinna ett pris. Grattis Tiina Karimaa, Lauri Johnson, Anne Ingman Vi kontaktar er &hellip; <a class=\"more-link\" href=\"http:\/\/ekenasfotoklubb.org\/?p=2957\">L\u00e4s mer <span class=\"meta-nav\">&rarr;<\/span><\/a><\/p>\n","protected":false},"author":17,"featured_media":0,"comment_status":"closed","ping_status":"closed","sticky":false,"template":"","format":"standard","meta":{"ngg_post_thumbnail":0},"categories":[1],"tags":[],"table_tags":[],"_links":{"self":[{"href":"http:\/\/ekenasfotoklubb.org\/index.php?rest_route=\/wp\/v2\/posts\/2957"}],"collection":[{"href":"http:\/\/ekenasfotoklubb.org\/index.php?rest_route=\/wp\/v2\/posts"}],"about":[{"href":"http:\/\/ekenasfotoklubb.org\/index.php?rest_route=\/wp\/v2\/types\/post"}],"author":[{"embeddable":true,"href":"http:\/\/ekenasfotoklubb.org\/index.php?rest_route=\/wp\/v2\/users\/17"}],"replies":[{"embeddable":true,"href":"http:\/\/ekenasfotoklubb.org\/index.php?rest_route=%2Fwp%2Fv2%2Fcomments&post=2957"}],"version-history":[{"count":2,"href":"http:\/\/ekenasfotoklubb.org\/index.php?rest_route=\/wp\/v2\/posts\/2957\/revisions"}],"predecessor-version":[{"id":2962,"href":"http:\/\/ekenasfotoklubb.org\/index.php?rest_route=\/wp\/v2\/posts\/2957\/revisions\/2962"}],"wp:attachment":[{"href":"http:\/\/ekenasfotoklubb.org\/index.php?rest_route=%2Fwp%2Fv2%2Fmedia&parent=2957"}],"wp:term":[{"taxonomy":"category","embeddable":true,"href":"http:\/\/ekenasfotoklubb.org\/index.php?rest_route=%2Fwp%2Fv2%2Fcategories&post=2957"},{"taxonomy":"post_tag","embeddable":true,"href":"http:\/\/ekenasfotoklubb.org\/index.php?rest_route=%2Fwp%2Fv2%2Ftags&post=2957"},{"taxonomy":"table_tags","embeddable":true,"href":"http:\/\/ekenasfotoklubb.org\/index.php?rest_route=%2Fwp%2Fv2%2Ftable_tags&post=2957"}],"curies":[{"name":"wp","href":"https:\/\/api.w.org\/{rel}","templated":true}]}}