{"id":3026,"date":"2022-05-17T09:03:01","date_gmt":"2022-05-17T06:03:01","guid":{"rendered":"http:\/\/ekenasfotoklubb.org\/?p=3026"},"modified":"2022-05-17T09:03:01","modified_gmt":"2022-05-17T06:03:01","slug":"21-4-ledande-linjer-vid-ramsholmen","status":"publish","type":"post","link":"http:\/\/ekenasfotoklubb.org\/?p=3026","title":{"rendered":"21.4 Ledande Linjer vid Ramsholmen"},"content":{"rendered":"<p>M\u00f6tet 21.4 spenderades p\u00e5 Ramsholmen i Eken\u00e4s, d\u00e4r Vivve ledde aktiviteterna. Kv\u00e4llens tema var &#8220;Ledande Linjer&#8221;. Nedan ett av bildresultaten fr\u00e5n kv\u00e4llen. Flera bilder hittar ni p\u00e5 v\u00e5r Facebook sida:&nbsp; <a href=\"https:\/\/www.facebook.com\/groups\/793105497411862\">https:\/\/www.facebook.com\/groups\/793<\/a><a href=\"https:\/\/www.facebook.com\/groups\/793105497411862\">105497411862<\/a><\/p>\n<p><a href=\"http:\/\/ekenasfotoklubb.org\/wp-content\/uploads\/2022\/05\/278957388_3121581824747868_8795780379349288062_n.jpg\"><img loading=\"lazy\" class=\"wp-image-3027 alignleft\" src=\"http:\/\/ekenasfotoklubb.org\/wp-content\/uploads\/2022\/05\/278957388_3121581824747868_8795780379349288062_n-887x1024.jpg\" alt=\"\" width=\"594\" height=\"684\"><\/a><\/p>\n","protected":false},"excerpt":{"rendered":"<p>M\u00f6tet 21.4 spenderades p\u00e5 Ramsholmen i Eken\u00e4s, d\u00e4r Vivve ledde aktiviteterna. Kv\u00e4llens tema var &#8220;Ledande Linjer&#8221;. Nedan ett av bildresultaten fr\u00e5n kv\u00e4llen. Flera bilder hittar ni p\u00e5 v\u00e5r Facebook sida:&nbsp; https:\/\/www.facebook.com\/groups\/793105497411862 &hellip; <a class=\"more-link\" href=\"http:\/\/ekenasfotoklubb.org\/?p=3026\">L\u00e4s mer <span class=\"meta-nav\">&rarr;<\/span><\/a><\/p>\n","protected":false},"author":17,"featured_media":0,"comment_status":"closed","ping_status":"closed","sticky":false,"template":"","format":"standard","meta":{"ngg_post_thumbnail":0},"categories":[1],"tags":[],"table_tags":[],"_links":{"self":[{"href":"http:\/\/ekenasfotoklubb.org\/index.php?rest_route=\/wp\/v2\/posts\/3026"}],"collection":[{"href":"http:\/\/ekenasfotoklubb.org\/index.php?rest_route=\/wp\/v2\/posts"}],"about":[{"href":"http:\/\/ekenasfotoklubb.org\/index.php?rest_route=\/wp\/v2\/types\/post"}],"author":[{"embeddable":true,"href":"http:\/\/ekenasfotoklubb.org\/index.php?rest_route=\/wp\/v2\/users\/17"}],"replies":[{"embeddable":true,"href":"http:\/\/ekenasfotoklubb.org\/index.php?rest_route=%2Fwp%2Fv2%2Fcomments&post=3026"}],"version-history":[{"count":2,"href":"http:\/\/ekenasfotoklubb.org\/index.php?rest_route=\/wp\/v2\/posts\/3026\/revisions"}],"predecessor-version":[{"id":3029,"href":"http:\/\/ekenasfotoklubb.org\/index.php?rest_route=\/wp\/v2\/posts\/3026\/revisions\/3029"}],"wp:attachment":[{"href":"http:\/\/ekenasfotoklubb.org\/index.php?rest_route=%2Fwp%2Fv2%2Fmedia&parent=3026"}],"wp:term":[{"taxonomy":"category","embeddable":true,"href":"http:\/\/ekenasfotoklubb.org\/index.php?rest_route=%2Fwp%2Fv2%2Fcategories&post=3026"},{"taxonomy":"post_tag","embeddable":true,"href":"http:\/\/ekenasfotoklubb.org\/index.php?rest_route=%2Fwp%2Fv2%2Ftags&post=3026"},{"taxonomy":"table_tags","embeddable":true,"href":"http:\/\/ekenasfotoklubb.org\/index.php?rest_route=%2Fwp%2Fv2%2Ftable_tags&post=3026"}],"curies":[{"name":"wp","href":"https:\/\/api.w.org\/{rel}","templated":true}]}}