{"id":3037,"date":"2022-05-17T09:20:33","date_gmt":"2022-05-17T06:20:33","guid":{"rendered":"http:\/\/ekenasfotoklubb.org\/?p=3037"},"modified":"2022-05-17T09:20:33","modified_gmt":"2022-05-17T06:20:33","slug":"16-5-printbildstavling","status":"publish","type":"post","link":"http:\/\/ekenasfotoklubb.org\/?p=3037","title":{"rendered":"16.5, Printbildst\u00e4vling"},"content":{"rendered":"<p>V\u00e5rens sista planerade m\u00f6te. Vi tr\u00e4ffades i klubblokalen f\u00f6r att kolla p\u00e5 alla bilder som deltog i v\u00e5r \u00e5rliga printbildst\u00e4vling. Det h\u00e4r \u00e5ret var temat f\u00f6r bilderna &#8220;M\u00f6nster&#8221;. Som domare f\u00f6r t\u00e4vlingen fungerade i \u00e5r Fotocentrum Raseborg.<\/p>\n<p>Nedan de premierade bilderna.<\/p>\n<p>F\u00f6rsta plats. Peter Sj\u00f6strand<\/p>\n<p><a href=\"http:\/\/ekenasfotoklubb.org\/wp-content\/uploads\/2022\/05\/image.png\"><img loading=\"lazy\" class=\"alignnone size-large wp-image-3042\" src=\"http:\/\/ekenasfotoklubb.org\/wp-content\/uploads\/2022\/05\/image-1024x583.png\" alt=\"\" width=\"1024\" height=\"583\" srcset=\"http:\/\/ekenasfotoklubb.org\/wp-content\/uploads\/2022\/05\/image-1024x583.png 1024w, http:\/\/ekenasfotoklubb.org\/wp-content\/uploads\/2022\/05\/image-300x171.png 300w, http:\/\/ekenasfotoklubb.org\/wp-content\/uploads\/2022\/05\/image-768x437.png 768w, http:\/\/ekenasfotoklubb.org\/wp-content\/uploads\/2022\/05\/image-1536x874.png 1536w, http:\/\/ekenasfotoklubb.org\/wp-content\/uploads\/2022\/05\/image-500x285.png 500w, http:\/\/ekenasfotoklubb.org\/wp-content\/uploads\/2022\/05\/image.png 1920w\" sizes=\"(max-width: 1024px) 100vw, 1024px\" \/><\/a><\/p>\n<p>Andra plats: Roland \u00d6ster<a href=\"http:\/\/ekenasfotoklubb.org\/wp-content\/uploads\/2022\/05\/image-1.png\"><img loading=\"lazy\" class=\"alignnone size-large wp-image-3041\" src=\"http:\/\/ekenasfotoklubb.org\/wp-content\/uploads\/2022\/05\/image-1-1024x575.png\" alt=\"\" width=\"1024\" height=\"575\" srcset=\"http:\/\/ekenasfotoklubb.org\/wp-content\/uploads\/2022\/05\/image-1-1024x575.png 1024w, http:\/\/ekenasfotoklubb.org\/wp-content\/uploads\/2022\/05\/image-1-300x169.png 300w, http:\/\/ekenasfotoklubb.org\/wp-content\/uploads\/2022\/05\/image-1-768x432.png 768w, http:\/\/ekenasfotoklubb.org\/wp-content\/uploads\/2022\/05\/image-1-1536x863.png 1536w, http:\/\/ekenasfotoklubb.org\/wp-content\/uploads\/2022\/05\/image-1-500x281.png 500w, http:\/\/ekenasfotoklubb.org\/wp-content\/uploads\/2022\/05\/image-1.png 1920w\" sizes=\"(max-width: 1024px) 100vw, 1024px\" \/><\/a><\/p>\n<p>Tredje plats: Oscar Gr\u00f6nroos <a href=\"http:\/\/ekenasfotoklubb.org\/wp-content\/uploads\/2022\/05\/image-2.png\"><img loading=\"lazy\" class=\"alignnone size-large wp-image-3040\" src=\"http:\/\/ekenasfotoklubb.org\/wp-content\/uploads\/2022\/05\/image-2-1024x686.png\" alt=\"\" width=\"1024\" height=\"686\" srcset=\"http:\/\/ekenasfotoklubb.org\/wp-content\/uploads\/2022\/05\/image-2-1024x686.png 1024w, http:\/\/ekenasfotoklubb.org\/wp-content\/uploads\/2022\/05\/image-2-300x201.png 300w, http:\/\/ekenasfotoklubb.org\/wp-content\/uploads\/2022\/05\/image-2-768x514.png 768w, http:\/\/ekenasfotoklubb.org\/wp-content\/uploads\/2022\/05\/image-2-1536x1029.png 1536w, http:\/\/ekenasfotoklubb.org\/wp-content\/uploads\/2022\/05\/image-2-448x300.png 448w, http:\/\/ekenasfotoklubb.org\/wp-content\/uploads\/2022\/05\/image-2.png 1792w\" sizes=\"(max-width: 1024px) 100vw, 1024px\" \/><\/a><\/p>\n<p>Hedersomn\u00e4mnande 1: Chris Alfthan<\/p>\n<p><a href=\"http:\/\/ekenasfotoklubb.org\/wp-content\/uploads\/2022\/05\/image-3.png\"><img loading=\"lazy\" class=\"alignnone size-large wp-image-3039\" src=\"http:\/\/ekenasfotoklubb.org\/wp-content\/uploads\/2022\/05\/image-3-768x1024.png\" alt=\"\" width=\"768\" height=\"1024\" srcset=\"http:\/\/ekenasfotoklubb.org\/wp-content\/uploads\/2022\/05\/image-3-768x1024.png 768w, http:\/\/ekenasfotoklubb.org\/wp-content\/uploads\/2022\/05\/image-3-225x300.png 225w, http:\/\/ekenasfotoklubb.org\/wp-content\/uploads\/2022\/05\/image-3.png 900w\" sizes=\"(max-width: 768px) 100vw, 768px\" \/><\/a><\/p>\n<p>Hedersomn\u00e4mnande 2: Roland \u00d6ster<a href=\"http:\/\/ekenasfotoklubb.org\/wp-content\/uploads\/2022\/05\/image-4.png\"><img loading=\"lazy\" class=\"alignnone size-large wp-image-3038\" src=\"http:\/\/ekenasfotoklubb.org\/wp-content\/uploads\/2022\/05\/image-4-1024x680.png\" alt=\"\" width=\"1024\" height=\"680\" srcset=\"http:\/\/ekenasfotoklubb.org\/wp-content\/uploads\/2022\/05\/image-4-1024x680.png 1024w, http:\/\/ekenasfotoklubb.org\/wp-content\/uploads\/2022\/05\/image-4-300x199.png 300w, http:\/\/ekenasfotoklubb.org\/wp-content\/uploads\/2022\/05\/image-4-768x510.png 768w, http:\/\/ekenasfotoklubb.org\/wp-content\/uploads\/2022\/05\/image-4-1536x1020.png 1536w, http:\/\/ekenasfotoklubb.org\/wp-content\/uploads\/2022\/05\/image-4-452x300.png 452w, http:\/\/ekenasfotoklubb.org\/wp-content\/uploads\/2022\/05\/image-4.png 1807w\" sizes=\"(max-width: 1024px) 100vw, 1024px\" \/><\/a><\/p>\n<p>Alla deltagande bilder finns att titta p\u00e5 h\u00e4r: <a href=\"https:\/\/ekenasfotoklubb.bilder.fi\/kuvat\/EFK+T%C3%A4vlingar\/2022+-+Printbild+-+M%C3%B6nster\/\">Galleri<\/a><\/p>\n","protected":false},"excerpt":{"rendered":"<p>V\u00e5rens sista planerade m\u00f6te. Vi tr\u00e4ffades i klubblokalen f\u00f6r att kolla p\u00e5 alla bilder som deltog i v\u00e5r \u00e5rliga printbildst\u00e4vling. Det h\u00e4r \u00e5ret var temat f\u00f6r bilderna &#8220;M\u00f6nster&#8221;. Som domare f\u00f6r t\u00e4vlingen fungerade i \u00e5r Fotocentrum Raseborg. Nedan de premierade bilderna. F\u00f6rsta plats. Peter Sj\u00f6strand Andra plats: Roland \u00d6ster Tredje plats: Oscar Gr\u00f6nroos Hedersomn\u00e4mnande 1: Chris Alfthan Hedersomn\u00e4mnande 2: Roland \u00d6ster Alla deltagande bilder finns att titta p\u00e5 h\u00e4r: Galleri &hellip; <a class=\"more-link\" href=\"http:\/\/ekenasfotoklubb.org\/?p=3037\">L\u00e4s mer <span class=\"meta-nav\">&rarr;<\/span><\/a><\/p>\n","protected":false},"author":17,"featured_media":0,"comment_status":"closed","ping_status":"closed","sticky":false,"template":"","format":"standard","meta":{"ngg_post_thumbnail":0},"categories":[1],"tags":[],"table_tags":[],"_links":{"self":[{"href":"http:\/\/ekenasfotoklubb.org\/index.php?rest_route=\/wp\/v2\/posts\/3037"}],"collection":[{"href":"http:\/\/ekenasfotoklubb.org\/index.php?rest_route=\/wp\/v2\/posts"}],"about":[{"href":"http:\/\/ekenasfotoklubb.org\/index.php?rest_route=\/wp\/v2\/types\/post"}],"author":[{"embeddable":true,"href":"http:\/\/ekenasfotoklubb.org\/index.php?rest_route=\/wp\/v2\/users\/17"}],"replies":[{"embeddable":true,"href":"http:\/\/ekenasfotoklubb.org\/index.php?rest_route=%2Fwp%2Fv2%2Fcomments&post=3037"}],"version-history":[{"count":2,"href":"http:\/\/ekenasfotoklubb.org\/index.php?rest_route=\/wp\/v2\/posts\/3037\/revisions"}],"predecessor-version":[{"id":3044,"href":"http:\/\/ekenasfotoklubb.org\/index.php?rest_route=\/wp\/v2\/posts\/3037\/revisions\/3044"}],"wp:attachment":[{"href":"http:\/\/ekenasfotoklubb.org\/index.php?rest_route=%2Fwp%2Fv2%2Fmedia&parent=3037"}],"wp:term":[{"taxonomy":"category","embeddable":true,"href":"http:\/\/ekenasfotoklubb.org\/index.php?rest_route=%2Fwp%2Fv2%2Fcategories&post=3037"},{"taxonomy":"post_tag","embeddable":true,"href":"http:\/\/ekenasfotoklubb.org\/index.php?rest_route=%2Fwp%2Fv2%2Ftags&post=3037"},{"taxonomy":"table_tags","embeddable":true,"href":"http:\/\/ekenasfotoklubb.org\/index.php?rest_route=%2Fwp%2Fv2%2Ftable_tags&post=3037"}],"curies":[{"name":"wp","href":"https:\/\/api.w.org\/{rel}","templated":true}]}}