{"id":3128,"date":"2023-05-08T08:55:56","date_gmt":"2023-05-08T05:55:56","guid":{"rendered":"http:\/\/ekenasfotoklubb.org\/?p=3128"},"modified":"2023-05-08T08:55:56","modified_gmt":"2023-05-08T05:55:56","slug":"5-4-gopro-och-utrustningsdiskussion","status":"publish","type":"post","link":"http:\/\/ekenasfotoklubb.org\/?p=3128","title":{"rendered":"5.4 GoPro och utrustningsdiskussion"},"content":{"rendered":"<p>Den h\u00e4r g\u00e5ngen m\u00f6ttes vi i klubblokalen och lyssnade f\u00f6rst p\u00e5 Chris som ber\u00e4ttade om sina GoPro erfarenheter och listade f\u00f6rslag p\u00e5 hur man kunde anv\u00e4nda klubbens egna GoPro. D\u00e4refter blev det imroviserade diskussioner kring folks kamerautrustning.<a href=\"http:\/\/ekenasfotoklubb.org\/wp-content\/uploads\/2023\/05\/339977844_5967918096619525_1615386421760968171_n.jpg\"><img loading=\"lazy\" class=\"alignnone size-large wp-image-3129\" src=\"http:\/\/ekenasfotoklubb.org\/wp-content\/uploads\/2023\/05\/339977844_5967918096619525_1615386421760968171_n-1024x683.jpg\" alt=\"\" width=\"1024\" height=\"683\" srcset=\"http:\/\/ekenasfotoklubb.org\/wp-content\/uploads\/2023\/05\/339977844_5967918096619525_1615386421760968171_n-1024x683.jpg 1024w, http:\/\/ekenasfotoklubb.org\/wp-content\/uploads\/2023\/05\/339977844_5967918096619525_1615386421760968171_n-300x200.jpg 300w, http:\/\/ekenasfotoklubb.org\/wp-content\/uploads\/2023\/05\/339977844_5967918096619525_1615386421760968171_n-768x512.jpg 768w, http:\/\/ekenasfotoklubb.org\/wp-content\/uploads\/2023\/05\/339977844_5967918096619525_1615386421760968171_n-1536x1025.jpg 1536w, http:\/\/ekenasfotoklubb.org\/wp-content\/uploads\/2023\/05\/339977844_5967918096619525_1615386421760968171_n-450x300.jpg 450w, http:\/\/ekenasfotoklubb.org\/wp-content\/uploads\/2023\/05\/339977844_5967918096619525_1615386421760968171_n.jpg 1799w\" sizes=\"(max-width: 1024px) 100vw, 1024px\" \/><\/a> <a href=\"http:\/\/ekenasfotoklubb.org\/wp-content\/uploads\/2023\/05\/339990243_922946572288684_3453766835256426165_n.jpg\"><img loading=\"lazy\" class=\"alignnone size-large wp-image-3130\" src=\"http:\/\/ekenasfotoklubb.org\/wp-content\/uploads\/2023\/05\/339990243_922946572288684_3453766835256426165_n-1024x683.jpg\" alt=\"\" width=\"1024\" height=\"683\" srcset=\"http:\/\/ekenasfotoklubb.org\/wp-content\/uploads\/2023\/05\/339990243_922946572288684_3453766835256426165_n-1024x683.jpg 1024w, http:\/\/ekenasfotoklubb.org\/wp-content\/uploads\/2023\/05\/339990243_922946572288684_3453766835256426165_n-300x200.jpg 300w, http:\/\/ekenasfotoklubb.org\/wp-content\/uploads\/2023\/05\/339990243_922946572288684_3453766835256426165_n-768x512.jpg 768w, http:\/\/ekenasfotoklubb.org\/wp-content\/uploads\/2023\/05\/339990243_922946572288684_3453766835256426165_n-1536x1025.jpg 1536w, http:\/\/ekenasfotoklubb.org\/wp-content\/uploads\/2023\/05\/339990243_922946572288684_3453766835256426165_n-450x300.jpg 450w, http:\/\/ekenasfotoklubb.org\/wp-content\/uploads\/2023\/05\/339990243_922946572288684_3453766835256426165_n.jpg 1799w\" sizes=\"(max-width: 1024px) 100vw, 1024px\" \/><\/a><\/p>\n","protected":false},"excerpt":{"rendered":"<p>Den h\u00e4r g\u00e5ngen m\u00f6ttes vi i klubblokalen och lyssnade f\u00f6rst p\u00e5 Chris som ber\u00e4ttade om sina GoPro erfarenheter och listade f\u00f6rslag p\u00e5 hur man kunde anv\u00e4nda klubbens egna GoPro. D\u00e4refter blev det imroviserade diskussioner kring folks kamerautrustning. &hellip; <a class=\"more-link\" href=\"http:\/\/ekenasfotoklubb.org\/?p=3128\">L\u00e4s mer <span class=\"meta-nav\">&rarr;<\/span><\/a><\/p>\n","protected":false},"author":17,"featured_media":0,"comment_status":"closed","ping_status":"closed","sticky":false,"template":"","format":"standard","meta":{"ngg_post_thumbnail":0},"categories":[1],"tags":[],"table_tags":[],"_links":{"self":[{"href":"http:\/\/ekenasfotoklubb.org\/index.php?rest_route=\/wp\/v2\/posts\/3128"}],"collection":[{"href":"http:\/\/ekenasfotoklubb.org\/index.php?rest_route=\/wp\/v2\/posts"}],"about":[{"href":"http:\/\/ekenasfotoklubb.org\/index.php?rest_route=\/wp\/v2\/types\/post"}],"author":[{"embeddable":true,"href":"http:\/\/ekenasfotoklubb.org\/index.php?rest_route=\/wp\/v2\/users\/17"}],"replies":[{"embeddable":true,"href":"http:\/\/ekenasfotoklubb.org\/index.php?rest_route=%2Fwp%2Fv2%2Fcomments&post=3128"}],"version-history":[{"count":1,"href":"http:\/\/ekenasfotoklubb.org\/index.php?rest_route=\/wp\/v2\/posts\/3128\/revisions"}],"predecessor-version":[{"id":3131,"href":"http:\/\/ekenasfotoklubb.org\/index.php?rest_route=\/wp\/v2\/posts\/3128\/revisions\/3131"}],"wp:attachment":[{"href":"http:\/\/ekenasfotoklubb.org\/index.php?rest_route=%2Fwp%2Fv2%2Fmedia&parent=3128"}],"wp:term":[{"taxonomy":"category","embeddable":true,"href":"http:\/\/ekenasfotoklubb.org\/index.php?rest_route=%2Fwp%2Fv2%2Fcategories&post=3128"},{"taxonomy":"post_tag","embeddable":true,"href":"http:\/\/ekenasfotoklubb.org\/index.php?rest_route=%2Fwp%2Fv2%2Ftags&post=3128"},{"taxonomy":"table_tags","embeddable":true,"href":"http:\/\/ekenasfotoklubb.org\/index.php?rest_route=%2Fwp%2Fv2%2Ftable_tags&post=3128"}],"curies":[{"name":"wp","href":"https:\/\/api.w.org\/{rel}","templated":true}]}}