{"id":3137,"date":"2023-05-08T09:06:55","date_gmt":"2023-05-08T06:06:55","guid":{"rendered":"http:\/\/ekenasfotoklubb.org\/?p=3137"},"modified":"2023-05-08T09:19:04","modified_gmt":"2023-05-08T06:19:04","slug":"3-5-resultatgenomgang-for-tematavlign-tre","status":"publish","type":"post","link":"http:\/\/ekenasfotoklubb.org\/?p=3137","title":{"rendered":"3.5. Resultatgenomg\u00e5ng f\u00f6r temat\u00e4vling &#8220;Tre&#8221;"},"content":{"rendered":"<p>Under v\u00e5rens lopp har Eken\u00e4s fotoklubb samarbetat med Lohjan Kameraseura och Hang\u00f6 Fotoklubb kring en temat\u00e4vling med temat &#8220;Tre&#8221;. Alla fotoklubbar har p\u00e5 eget h\u00e5ll ordnat fram t\u00e4vlingsbilder, som sen blivit bed\u00f6mda och rangordnade av de andra fotoklubbarna.<\/p>\n<p>F\u00f6r Eken\u00e4s Fotoklubbs del slutade t\u00e4vlingen med de f\u00f6ljande 7 topp-placeringarna:<\/p>\n<div>1 &#8211; Bild 9 &#8211; &#8220;Jump Grab Land&#8221; &#8211; Rolle<\/div>\n<div>2 (delad) &#8211; Bild3 &#8211; &#8220;Golden Lines&#8221; &#8211; Vivve<\/div>\n<div>2 (delad) &#8211; Bild 10 &#8211; &#8220;Juomat kolmelta y\u00f6ll\u00e4&#8221; &#8211; Reijo<\/div>\n<div>4 &#8211; Bild 24 &#8211; &#8220;Tres Amigos&#8221; &#8211; Chris<\/div>\n<div>5 (delad) &#8211; Bild 11 &#8211; &#8220;Livsverk&#8221; &#8211; Anita<\/div>\n<div>5 (delad) &#8211; Bild 13 &#8211; &#8220;Pelikanerna&#8221; &#8211; Chris<\/div>\n<div>7 &#8211; Bild 2 &#8211; &#8220;Collage&#8221; &#8211; Anita<\/div>\n<div>&nbsp;<\/div>\n<div>Den vinnande bilden syns nedan.<\/div>\n<div>Alla deltagande bilder hittar ni p\u00e5 EFKs n\u00e4tgalleri:<\/div>\n<div><a href=\"https:\/\/ekenasfotoklubb.bilder.fi\/kuvat\/EFK+T%C3%A4vlingar\/2023+-+Temat%C3%A4vling+-+Tre\/EFK\/\">https:\/\/ekenasfotoklubb.bilder.fi\/kuvat\/EFK+T%C3%A4vlingar\/2023+-+Temat%C3%A4vling+-+Tre\/EFK\/<\/a><\/div>\n<div>&nbsp;<\/div>\n<div><a href=\"http:\/\/ekenasfotoklubb.org\/wp-content\/uploads\/2023\/05\/9-Jump-Grab-Land-Roland-Oster.jpg\"><img loading=\"lazy\" class=\"alignnone size-large wp-image-3138\" src=\"http:\/\/ekenasfotoklubb.org\/wp-content\/uploads\/2023\/05\/9-Jump-Grab-Land-Roland-Oster-1024x505.jpg\" alt=\"\" width=\"1024\" height=\"505\" srcset=\"http:\/\/ekenasfotoklubb.org\/wp-content\/uploads\/2023\/05\/9-Jump-Grab-Land-Roland-Oster-1024x505.jpg 1024w, http:\/\/ekenasfotoklubb.org\/wp-content\/uploads\/2023\/05\/9-Jump-Grab-Land-Roland-Oster-300x148.jpg 300w, http:\/\/ekenasfotoklubb.org\/wp-content\/uploads\/2023\/05\/9-Jump-Grab-Land-Roland-Oster-768x379.jpg 768w, http:\/\/ekenasfotoklubb.org\/wp-content\/uploads\/2023\/05\/9-Jump-Grab-Land-Roland-Oster-1536x758.jpg 1536w, http:\/\/ekenasfotoklubb.org\/wp-content\/uploads\/2023\/05\/9-Jump-Grab-Land-Roland-Oster-500x247.jpg 500w, http:\/\/ekenasfotoklubb.org\/wp-content\/uploads\/2023\/05\/9-Jump-Grab-Land-Roland-Oster.jpg 1920w\" sizes=\"(max-width: 1024px) 100vw, 1024px\" \/><\/a><\/div>\n","protected":false},"excerpt":{"rendered":"<p>Under v\u00e5rens lopp har Eken\u00e4s fotoklubb samarbetat med Lohjan Kameraseura och Hang\u00f6 Fotoklubb kring en temat\u00e4vling med temat &#8220;Tre&#8221;. Alla fotoklubbar har p\u00e5 eget h\u00e5ll ordnat fram t\u00e4vlingsbilder, som sen blivit bed\u00f6mda och rangordnade av de andra fotoklubbarna. F\u00f6r Eken\u00e4s Fotoklubbs del slutade t\u00e4vlingen med de f\u00f6ljande 7 topp-placeringarna: 1 &#8211; Bild 9 &#8211; &#8220;Jump Grab Land&#8221; &#8211; Rolle 2 (delad) &#8211; Bild3 &#8211; &#8220;Golden Lines&#8221; &#8211; Vivve 2 (delad) &#8211; Bild 10 &#8211; &#8220;Juomat kolmelta y\u00f6ll\u00e4&#8221; &#8211; Reijo 4 &#8211; Bild 24 &#8211; &#8220;Tres Amigos&#8221; &#8211; Chris 5 (delad) &#8211; Bild 11 &#8211; &#8220;Livsverk&#8221; &#8211; Anita 5 (delad) &#8211; &hellip; <a class=\"more-link\" href=\"http:\/\/ekenasfotoklubb.org\/?p=3137\">L\u00e4s mer <span class=\"meta-nav\">&rarr;<\/span><\/a><\/p>\n","protected":false},"author":17,"featured_media":0,"comment_status":"closed","ping_status":"closed","sticky":false,"template":"","format":"standard","meta":{"ngg_post_thumbnail":0},"categories":[1],"tags":[],"table_tags":[],"_links":{"self":[{"href":"http:\/\/ekenasfotoklubb.org\/index.php?rest_route=\/wp\/v2\/posts\/3137"}],"collection":[{"href":"http:\/\/ekenasfotoklubb.org\/index.php?rest_route=\/wp\/v2\/posts"}],"about":[{"href":"http:\/\/ekenasfotoklubb.org\/index.php?rest_route=\/wp\/v2\/types\/post"}],"author":[{"embeddable":true,"href":"http:\/\/ekenasfotoklubb.org\/index.php?rest_route=\/wp\/v2\/users\/17"}],"replies":[{"embeddable":true,"href":"http:\/\/ekenasfotoklubb.org\/index.php?rest_route=%2Fwp%2Fv2%2Fcomments&post=3137"}],"version-history":[{"count":2,"href":"http:\/\/ekenasfotoklubb.org\/index.php?rest_route=\/wp\/v2\/posts\/3137\/revisions"}],"predecessor-version":[{"id":3140,"href":"http:\/\/ekenasfotoklubb.org\/index.php?rest_route=\/wp\/v2\/posts\/3137\/revisions\/3140"}],"wp:attachment":[{"href":"http:\/\/ekenasfotoklubb.org\/index.php?rest_route=%2Fwp%2Fv2%2Fmedia&parent=3137"}],"wp:term":[{"taxonomy":"category","embeddable":true,"href":"http:\/\/ekenasfotoklubb.org\/index.php?rest_route=%2Fwp%2Fv2%2Fcategories&post=3137"},{"taxonomy":"post_tag","embeddable":true,"href":"http:\/\/ekenasfotoklubb.org\/index.php?rest_route=%2Fwp%2Fv2%2Ftags&post=3137"},{"taxonomy":"table_tags","embeddable":true,"href":"http:\/\/ekenasfotoklubb.org\/index.php?rest_route=%2Fwp%2Fv2%2Ftable_tags&post=3137"}],"curies":[{"name":"wp","href":"https:\/\/api.w.org\/{rel}","templated":true}]}}