{"id":3153,"date":"2023-10-07T11:36:21","date_gmt":"2023-10-07T08:36:21","guid":{"rendered":"http:\/\/ekenasfotoklubb.org\/?p=3153"},"modified":"2023-10-07T11:36:21","modified_gmt":"2023-10-07T08:36:21","slug":"4-10-2023-vernissage-for-utstallningen-efk-50ar","status":"publish","type":"post","link":"http:\/\/ekenasfotoklubb.org\/?p=3153","title":{"rendered":"4.10.2023 &#8211; Vernissage f\u00f6r utst\u00e4llningen EFK 50\u00e5r"},"content":{"rendered":"<p>Klubbm\u00f6tet onsdagen 4.10 ersattes av vernissagen f\u00f6r v\u00e5r EFK 50 \u00e5r utst\u00e4llning.&nbsp;<br \/>\nF\u00f6reningens grundare och f\u00f6rsta ordf\u00f6rande Trygve Lindqvist \u00f6ppnade utst\u00e4llningen som under vernissagen bes\u00f6ktes av kring 35 personer.<\/p>\n<p>Nedan n\u00e5gra bilder fr\u00e5n tillst\u00e4llningen, bilderna \u00e4r tagna av Jouni P\u00e4nk\u00e4l\u00e4inen.<a href=\"http:\/\/ekenasfotoklubb.org\/wp-content\/uploads\/2023\/10\/DSC01453.jpg\"><img loading=\"lazy\" class=\"alignnone size-large wp-image-3157\" src=\"http:\/\/ekenasfotoklubb.org\/wp-content\/uploads\/2023\/10\/DSC01453-1024x684.jpg\" alt=\"\" width=\"1024\" height=\"684\" srcset=\"http:\/\/ekenasfotoklubb.org\/wp-content\/uploads\/2023\/10\/DSC01453-1024x684.jpg 1024w, http:\/\/ekenasfotoklubb.org\/wp-content\/uploads\/2023\/10\/DSC01453-300x200.jpg 300w, http:\/\/ekenasfotoklubb.org\/wp-content\/uploads\/2023\/10\/DSC01453-768x513.jpg 768w, http:\/\/ekenasfotoklubb.org\/wp-content\/uploads\/2023\/10\/DSC01453-1536x1026.jpg 1536w, http:\/\/ekenasfotoklubb.org\/wp-content\/uploads\/2023\/10\/DSC01453-449x300.jpg 449w, http:\/\/ekenasfotoklubb.org\/wp-content\/uploads\/2023\/10\/DSC01453.jpg 1797w\" sizes=\"(max-width: 1024px) 100vw, 1024px\" \/><\/a><a href=\"http:\/\/ekenasfotoklubb.org\/wp-content\/uploads\/2023\/10\/DSC01462.jpg\"><img loading=\"lazy\" class=\"alignnone size-large wp-image-3155\" src=\"http:\/\/ekenasfotoklubb.org\/wp-content\/uploads\/2023\/10\/DSC01462-684x1024.jpg\" alt=\"\" width=\"684\" height=\"1024\" srcset=\"http:\/\/ekenasfotoklubb.org\/wp-content\/uploads\/2023\/10\/DSC01462-684x1024.jpg 684w, http:\/\/ekenasfotoklubb.org\/wp-content\/uploads\/2023\/10\/DSC01462-201x300.jpg 201w, http:\/\/ekenasfotoklubb.org\/wp-content\/uploads\/2023\/10\/DSC01462-768x1149.jpg 768w, http:\/\/ekenasfotoklubb.org\/wp-content\/uploads\/2023\/10\/DSC01462.jpg 802w\" sizes=\"(max-width: 684px) 100vw, 684px\" \/><\/a><a href=\"http:\/\/ekenasfotoklubb.org\/wp-content\/uploads\/2023\/10\/DSC01460.jpg\"><img loading=\"lazy\" class=\"alignnone size-large wp-image-3154\" src=\"http:\/\/ekenasfotoklubb.org\/wp-content\/uploads\/2023\/10\/DSC01460-1024x684.jpg\" alt=\"\" width=\"1024\" height=\"684\" srcset=\"http:\/\/ekenasfotoklubb.org\/wp-content\/uploads\/2023\/10\/DSC01460-1024x684.jpg 1024w, http:\/\/ekenasfotoklubb.org\/wp-content\/uploads\/2023\/10\/DSC01460-300x200.jpg 300w, http:\/\/ekenasfotoklubb.org\/wp-content\/uploads\/2023\/10\/DSC01460-768x513.jpg 768w, http:\/\/ekenasfotoklubb.org\/wp-content\/uploads\/2023\/10\/DSC01460-1536x1026.jpg 1536w, http:\/\/ekenasfotoklubb.org\/wp-content\/uploads\/2023\/10\/DSC01460-449x300.jpg 449w, http:\/\/ekenasfotoklubb.org\/wp-content\/uploads\/2023\/10\/DSC01460.jpg 1797w\" sizes=\"(max-width: 1024px) 100vw, 1024px\" \/><\/a> <a href=\"http:\/\/ekenasfotoklubb.org\/wp-content\/uploads\/2023\/10\/DSC01481.jpg\"><img loading=\"lazy\" class=\"alignnone size-large wp-image-3156\" src=\"http:\/\/ekenasfotoklubb.org\/wp-content\/uploads\/2023\/10\/DSC01481-1024x684.jpg\" alt=\"\" width=\"1024\" height=\"684\" srcset=\"http:\/\/ekenasfotoklubb.org\/wp-content\/uploads\/2023\/10\/DSC01481-1024x684.jpg 1024w, http:\/\/ekenasfotoklubb.org\/wp-content\/uploads\/2023\/10\/DSC01481-300x200.jpg 300w, http:\/\/ekenasfotoklubb.org\/wp-content\/uploads\/2023\/10\/DSC01481-768x513.jpg 768w, http:\/\/ekenasfotoklubb.org\/wp-content\/uploads\/2023\/10\/DSC01481-1536x1026.jpg 1536w, http:\/\/ekenasfotoklubb.org\/wp-content\/uploads\/2023\/10\/DSC01481-449x300.jpg 449w, http:\/\/ekenasfotoklubb.org\/wp-content\/uploads\/2023\/10\/DSC01481.jpg 1797w\" sizes=\"(max-width: 1024px) 100vw, 1024px\" \/><\/a><\/p>\n","protected":false},"excerpt":{"rendered":"<p>Klubbm\u00f6tet onsdagen 4.10 ersattes av vernissagen f\u00f6r v\u00e5r EFK 50 \u00e5r utst\u00e4llning.&nbsp; F\u00f6reningens grundare och f\u00f6rsta ordf\u00f6rande Trygve Lindqvist \u00f6ppnade utst\u00e4llningen som under vernissagen bes\u00f6ktes av kring 35 personer. Nedan n\u00e5gra bilder fr\u00e5n tillst\u00e4llningen, bilderna \u00e4r tagna av Jouni P\u00e4nk\u00e4l\u00e4inen. &hellip; <a class=\"more-link\" href=\"http:\/\/ekenasfotoklubb.org\/?p=3153\">L\u00e4s mer <span class=\"meta-nav\">&rarr;<\/span><\/a><\/p>\n","protected":false},"author":17,"featured_media":0,"comment_status":"closed","ping_status":"closed","sticky":false,"template":"","format":"standard","meta":{"ngg_post_thumbnail":0},"categories":[1],"tags":[],"table_tags":[],"_links":{"self":[{"href":"http:\/\/ekenasfotoklubb.org\/index.php?rest_route=\/wp\/v2\/posts\/3153"}],"collection":[{"href":"http:\/\/ekenasfotoklubb.org\/index.php?rest_route=\/wp\/v2\/posts"}],"about":[{"href":"http:\/\/ekenasfotoklubb.org\/index.php?rest_route=\/wp\/v2\/types\/post"}],"author":[{"embeddable":true,"href":"http:\/\/ekenasfotoklubb.org\/index.php?rest_route=\/wp\/v2\/users\/17"}],"replies":[{"embeddable":true,"href":"http:\/\/ekenasfotoklubb.org\/index.php?rest_route=%2Fwp%2Fv2%2Fcomments&post=3153"}],"version-history":[{"count":1,"href":"http:\/\/ekenasfotoklubb.org\/index.php?rest_route=\/wp\/v2\/posts\/3153\/revisions"}],"predecessor-version":[{"id":3158,"href":"http:\/\/ekenasfotoklubb.org\/index.php?rest_route=\/wp\/v2\/posts\/3153\/revisions\/3158"}],"wp:attachment":[{"href":"http:\/\/ekenasfotoklubb.org\/index.php?rest_route=%2Fwp%2Fv2%2Fmedia&parent=3153"}],"wp:term":[{"taxonomy":"category","embeddable":true,"href":"http:\/\/ekenasfotoklubb.org\/index.php?rest_route=%2Fwp%2Fv2%2Fcategories&post=3153"},{"taxonomy":"post_tag","embeddable":true,"href":"http:\/\/ekenasfotoklubb.org\/index.php?rest_route=%2Fwp%2Fv2%2Ftags&post=3153"},{"taxonomy":"table_tags","embeddable":true,"href":"http:\/\/ekenasfotoklubb.org\/index.php?rest_route=%2Fwp%2Fv2%2Ftable_tags&post=3153"}],"curies":[{"name":"wp","href":"https:\/\/api.w.org\/{rel}","templated":true}]}}