{"id":3191,"date":"2024-02-11T12:09:55","date_gmt":"2024-02-11T10:09:55","guid":{"rendered":"http:\/\/ekenasfotoklubb.org\/?p=3191"},"modified":"2024-02-11T12:09:55","modified_gmt":"2024-02-11T10:09:55","slug":"7-2-2024-arstavlingar","status":"publish","type":"post","link":"http:\/\/ekenasfotoklubb.org\/?p=3191","title":{"rendered":"7.2.2024 \u00c5rst\u00e4vlingar"},"content":{"rendered":"<p>Efter ett kort \u00e5rsm\u00f6te gick vi till dagens intressanta \u00e4mne, n\u00e4mligen \u00e5rst\u00e4vlingsbilder och resultat.<\/p>\n<p>Alla deltagande bilder hittar ni h\u00e4r (l\u00e4nkarna \u00f6ppnar i nytt f\u00f6nster):<\/p>\n<p><a href=\"https:\/\/ekenasfotoklubb.bilder.fi\/kuvat\/EFK+T%C3%A4vlingar\/2024+-+%C3%85rst%C3%A4vlingar+-+Svartvit\/\" target=\"_blank\" rel=\"noopener\">Svartvit<\/a>&nbsp; &nbsp; <a href=\"https:\/\/ekenasfotoklubb.bilder.fi\/kuvat\/EFK+T%C3%A4vlingar\/2024+-+%C3%85rst%C3%A4vlingar+-+F%C3%A4rg\/\" target=\"_blank\" rel=\"noopener\">F\u00e4rg<\/a>&nbsp; &nbsp;<a href=\"https:\/\/ekenasfotoklubb.bilder.fi\/kuvat\/EFK+T%C3%A4vlingar\/2024+-+%C3%85rst%C3%A4vlingar+-+Serie\/\" target=\"_blank\" rel=\"noopener\">Bildserie<\/a><\/p>\n<p>Top 7 positionerna i varje t\u00e4vlingsklass listade nedan (de vinnande bilderna bifogade):<\/p>\n<div>SVARTVIT (bildnummer inom parentes)<\/div>\n<div><a href=\"http:\/\/ekenasfotoklubb.org\/wp-content\/uploads\/2024\/02\/30-Sommardusch-Roland-Oster.jpg\"><img loading=\"lazy\" class=\"alignnone  wp-image-3194\" src=\"http:\/\/ekenasfotoklubb.org\/wp-content\/uploads\/2024\/02\/30-Sommardusch-Roland-Oster-1024x534.jpg\" alt=\"\" width=\"387\" height=\"205\"><\/a><\/div>\n<div>1. Sommardusch (30) \u2013 Roland \u00d6ster<br \/>\n2. Kyrkog\u00e5rden (17) \u2013 Anita Valtonen<br \/>\n3. Is (12) \u2013 William Barman<br \/>\n4. Ensam (6) \u2013 Roland \u00d6ster<br \/>\n5. Gausjosj\u00f6 Sameviste (9) \u2013 Tommy S\u00f6derholm<br \/>\n6. Friends (8) \u2013 Outi Karikivi<br \/>\n7. Svanhild (33) \u2013 Chris Alfthan<\/div>\n<div>&nbsp;<\/div>\n<div>\n<div>F\u00c4RG<\/div>\n<div><a href=\"http:\/\/ekenasfotoklubb.org\/wp-content\/uploads\/2024\/02\/18-Korsi-Pekka-Kandelin.jpg\"><img loading=\"lazy\" class=\"alignnone  wp-image-3193\" src=\"http:\/\/ekenasfotoklubb.org\/wp-content\/uploads\/2024\/02\/18-Korsi-Pekka-Kandelin-621x1024.jpg\" alt=\"\" width=\"236\" height=\"383\"><\/a><\/div>\n<div>\n<p dir=\"ltr\">1. Korsi (18) \u2013 Pekka Kandelin<br \/>\n2. F\u00e4rggrant i \u00c5bo (9) \u2013 Satu Wikstr\u00f6m<br \/>\n3. Rimfrost (32) \u2013 Viveka Rabehl<br \/>\n4. Pollen (25) \u2013 Chris Alfthan<br \/>\n5. San Marino (34) \u2013 Sam Sandqvist<br \/>\n6. Vr\u00e5kbr\u00e5k (46) \u2013 Patrick Bagge<br \/>\n7. Retromacken (31) \u2013 Tommy S\u00f6derholm<\/p>\n<\/div>\n<p>SERIE&nbsp;<br \/>\n<a href=\"http:\/\/ekenasfotoklubb.org\/wp-content\/uploads\/2024\/02\/17-Sovjetdekadens-genom-en-plastlins-Tommy-Soderholm.jpg\"><img loading=\"lazy\" class=\"alignnone  wp-image-3192\" src=\"http:\/\/ekenasfotoklubb.org\/wp-content\/uploads\/2024\/02\/17-Sovjetdekadens-genom-en-plastlins-Tommy-Soderholm-1024x537.jpg\" alt=\"\" width=\"541\" height=\"289\"><\/a><\/p>\n<p dir=\"ltr\">1. Sovjetdekadens genom en plastlins (17) \u2013 Tommy S\u00f6derholm<br \/>\n2. De bl\u00e5a jungfrusl\u00e4ndornas paradis (4) &#8211; Dennis Barman<br \/>\n3. Vind i seglen (21) \u2013 Anita Valtonen<br \/>\n4. Holmen (11) \u2013 Chris Alfthan<br \/>\n5. Tupp s\u00f6ker fru (19) \u2013 Viveka Rabehl<br \/>\n6. Fr\u00e5n glas till glas (7) \u2013 Viveka Rabehl<br \/>\n7. Herr T.I.Ph\u00e5\u00e5ns Roadtrip (10) \u2013 Clarissa Siv\u00e9n-Kangas<\/p>\n<p dir=\"ltr\">Som domare fungerade i \u00e5r Raseborgs stads kulturplanerare Sirpa Huusko.<\/p>\n<p dir=\"ltr\">&nbsp;<\/p>\n<\/div>\n","protected":false},"excerpt":{"rendered":"<p>Efter ett kort \u00e5rsm\u00f6te gick vi till dagens intressanta \u00e4mne, n\u00e4mligen \u00e5rst\u00e4vlingsbilder och resultat. Alla deltagande bilder hittar ni h\u00e4r (l\u00e4nkarna \u00f6ppnar i nytt f\u00f6nster): Svartvit&nbsp; &nbsp; F\u00e4rg&nbsp; &nbsp;Bildserie Top 7 positionerna i varje t\u00e4vlingsklass listade nedan (de vinnande bilderna bifogade): SVARTVIT (bildnummer inom parentes) 1. Sommardusch (30) \u2013 Roland \u00d6ster 2. Kyrkog\u00e5rden (17) \u2013 Anita Valtonen 3. Is (12) \u2013 William Barman 4. Ensam (6) \u2013 Roland \u00d6ster 5. Gausjosj\u00f6 Sameviste (9) \u2013 Tommy S\u00f6derholm 6. Friends (8) \u2013 Outi Karikivi 7. Svanhild (33) \u2013 Chris Alfthan &nbsp; F\u00c4RG 1. Korsi (18) \u2013 Pekka Kandelin 2. F\u00e4rggrant i \u00c5bo &hellip; <a class=\"more-link\" href=\"http:\/\/ekenasfotoklubb.org\/?p=3191\">L\u00e4s mer <span class=\"meta-nav\">&rarr;<\/span><\/a><\/p>\n","protected":false},"author":17,"featured_media":0,"comment_status":"closed","ping_status":"closed","sticky":false,"template":"","format":"standard","meta":{"ngg_post_thumbnail":0},"categories":[1],"tags":[],"table_tags":[],"_links":{"self":[{"href":"http:\/\/ekenasfotoklubb.org\/index.php?rest_route=\/wp\/v2\/posts\/3191"}],"collection":[{"href":"http:\/\/ekenasfotoklubb.org\/index.php?rest_route=\/wp\/v2\/posts"}],"about":[{"href":"http:\/\/ekenasfotoklubb.org\/index.php?rest_route=\/wp\/v2\/types\/post"}],"author":[{"embeddable":true,"href":"http:\/\/ekenasfotoklubb.org\/index.php?rest_route=\/wp\/v2\/users\/17"}],"replies":[{"embeddable":true,"href":"http:\/\/ekenasfotoklubb.org\/index.php?rest_route=%2Fwp%2Fv2%2Fcomments&post=3191"}],"version-history":[{"count":1,"href":"http:\/\/ekenasfotoklubb.org\/index.php?rest_route=\/wp\/v2\/posts\/3191\/revisions"}],"predecessor-version":[{"id":3195,"href":"http:\/\/ekenasfotoklubb.org\/index.php?rest_route=\/wp\/v2\/posts\/3191\/revisions\/3195"}],"wp:attachment":[{"href":"http:\/\/ekenasfotoklubb.org\/index.php?rest_route=%2Fwp%2Fv2%2Fmedia&parent=3191"}],"wp:term":[{"taxonomy":"category","embeddable":true,"href":"http:\/\/ekenasfotoklubb.org\/index.php?rest_route=%2Fwp%2Fv2%2Fcategories&post=3191"},{"taxonomy":"post_tag","embeddable":true,"href":"http:\/\/ekenasfotoklubb.org\/index.php?rest_route=%2Fwp%2Fv2%2Ftags&post=3191"},{"taxonomy":"table_tags","embeddable":true,"href":"http:\/\/ekenasfotoklubb.org\/index.php?rest_route=%2Fwp%2Fv2%2Ftable_tags&post=3191"}],"curies":[{"name":"wp","href":"https:\/\/api.w.org\/{rel}","templated":true}]}}