{"id":3204,"date":"2024-04-12T10:08:49","date_gmt":"2024-04-12T07:08:49","guid":{"rendered":"http:\/\/ekenasfotoklubb.org\/?p=3204"},"modified":"2024-04-12T10:08:49","modified_gmt":"2024-04-12T07:08:49","slug":"3-4-tematavling-silhuett","status":"publish","type":"post","link":"http:\/\/ekenasfotoklubb.org\/?p=3204","title":{"rendered":"3.4. Temat\u00e4vling &#8211; &#8220;Silhuett&#8221;"},"content":{"rendered":"<p>V\u00e5rens temat\u00e4vling med temat &#8220;Silhuett&#8221; avgjordes genom intern r\u00f6stning bland klubbmedlemmarna.<\/p>\n<p>T\u00e4vlingens Top7:<\/p>\n<p>1 &#8211; Tommy S\u00f6derholm &#8211; &#8220;The Autocord Man&#8221; &#8211; Bildnr 34<br \/>\n2 &#8211; Dennis Barman &#8211; &#8220;Jeg e ox\u00e5 med&#8221; &#8211; Bildnr 13<br \/>\n3 &#8211; Viveka Rabehl &#8211; &#8220;P\u00e5 Flykt&#8221; &#8211; Bildnr 23<br \/>\n4 &#8211; Clarissa Kangas &#8211; &#8220;Tripp Trapp Trull&#8221; &#8211; Bildnr 35<br \/>\n5 &#8211; Chris Alfthan &#8211; &#8220;M\u00e5nen &amp; Mannen&#8221; &#8211; Bildnr 22<br \/>\n6 &#8211; Chris Alfthan &#8211; &#8220;Bl\u00e5 Tall&#8221; &#8211; Bildnr 1<br \/>\n7 &#8211; Sam Sandqvist &#8211; &#8220;F\u00e5gel Bl\u00e5 1&#8221; &#8211; Bildnr 3<br \/>\n7 &#8211; Sam Sandqvist &#8211; &#8220;Klassisk&#8221; &#8211; Bildnr 18<br \/>\n7 &#8211; Reijo Kangas &#8211; &#8220;Lego V\u00e4rlden&#8221; &#8211; Bildnr 21<br \/>\n(tre bilder delade allts\u00e5 p\u00e5 7:de plats!)<\/p>\n<p>Alla bilder som deltog i t\u00e4vlingen kan ses h\u00e4r:<\/p>\n<p><a href=\"https:\/\/ekenasfotoklubb.bilder.fi\/kuvat\/EFK+T%C3%A4vlingar\/2024+-+Temat%C3%A4vling+-+Silhuett\/\" target=\"_blank\" rel=\"noopener\">https:\/\/ekenasfotoklubb.bilder.fi\/kuvat\/EFK+T%C3%A4vlingar\/2024+-+Temat%C3%A4vling+-+Silhuett\/<\/a><\/p>\n<p>Nedan vinnande bilden &#8220;The Autocord man&#8221; av Tommy S\u00f6derholm.<\/p>\n<p><a href=\"http:\/\/ekenasfotoklubb.org\/wp-content\/uploads\/2024\/04\/34-The-Autocord-man-Tommy-S.jpg\"><img loading=\"lazy\" class=\"size-large wp-image-3205\" src=\"http:\/\/ekenasfotoklubb.org\/wp-content\/uploads\/2024\/04\/34-The-Autocord-man-Tommy-S-768x1024.jpg\" alt=\"\" width=\"768\" height=\"1024\" srcset=\"http:\/\/ekenasfotoklubb.org\/wp-content\/uploads\/2024\/04\/34-The-Autocord-man-Tommy-S-768x1024.jpg 768w, http:\/\/ekenasfotoklubb.org\/wp-content\/uploads\/2024\/04\/34-The-Autocord-man-Tommy-S-225x300.jpg 225w, http:\/\/ekenasfotoklubb.org\/wp-content\/uploads\/2024\/04\/34-The-Autocord-man-Tommy-S.jpg 900w\" sizes=\"(max-width: 768px) 100vw, 768px\" \/><\/a><\/p>\n","protected":false},"excerpt":{"rendered":"<p>V\u00e5rens temat\u00e4vling med temat &#8220;Silhuett&#8221; avgjordes genom intern r\u00f6stning bland klubbmedlemmarna. T\u00e4vlingens Top7: 1 &#8211; Tommy S\u00f6derholm &#8211; &#8220;The Autocord Man&#8221; &#8211; Bildnr 34 2 &#8211; Dennis Barman &#8211; &#8220;Jeg e ox\u00e5 med&#8221; &#8211; Bildnr 13 3 &#8211; Viveka Rabehl &#8211; &#8220;P\u00e5 Flykt&#8221; &#8211; Bildnr 23 4 &#8211; Clarissa Kangas &#8211; &#8220;Tripp Trapp Trull&#8221; &#8211; Bildnr 35 5 &#8211; Chris Alfthan &#8211; &#8220;M\u00e5nen &amp; Mannen&#8221; &#8211; Bildnr 22 6 &#8211; Chris Alfthan &#8211; &#8220;Bl\u00e5 Tall&#8221; &#8211; Bildnr 1 7 &#8211; Sam Sandqvist &#8211; &#8220;F\u00e5gel Bl\u00e5 1&#8221; &#8211; Bildnr 3 7 &#8211; Sam Sandqvist &#8211; &#8220;Klassisk&#8221; &#8211; Bildnr 18 7 &#8211; &hellip; <a class=\"more-link\" href=\"http:\/\/ekenasfotoklubb.org\/?p=3204\">L\u00e4s mer <span class=\"meta-nav\">&rarr;<\/span><\/a><\/p>\n","protected":false},"author":17,"featured_media":0,"comment_status":"closed","ping_status":"closed","sticky":false,"template":"","format":"standard","meta":{"ngg_post_thumbnail":0},"categories":[1],"tags":[],"table_tags":[],"_links":{"self":[{"href":"http:\/\/ekenasfotoklubb.org\/index.php?rest_route=\/wp\/v2\/posts\/3204"}],"collection":[{"href":"http:\/\/ekenasfotoklubb.org\/index.php?rest_route=\/wp\/v2\/posts"}],"about":[{"href":"http:\/\/ekenasfotoklubb.org\/index.php?rest_route=\/wp\/v2\/types\/post"}],"author":[{"embeddable":true,"href":"http:\/\/ekenasfotoklubb.org\/index.php?rest_route=\/wp\/v2\/users\/17"}],"replies":[{"embeddable":true,"href":"http:\/\/ekenasfotoklubb.org\/index.php?rest_route=%2Fwp%2Fv2%2Fcomments&post=3204"}],"version-history":[{"count":1,"href":"http:\/\/ekenasfotoklubb.org\/index.php?rest_route=\/wp\/v2\/posts\/3204\/revisions"}],"predecessor-version":[{"id":3206,"href":"http:\/\/ekenasfotoklubb.org\/index.php?rest_route=\/wp\/v2\/posts\/3204\/revisions\/3206"}],"wp:attachment":[{"href":"http:\/\/ekenasfotoklubb.org\/index.php?rest_route=%2Fwp%2Fv2%2Fmedia&parent=3204"}],"wp:term":[{"taxonomy":"category","embeddable":true,"href":"http:\/\/ekenasfotoklubb.org\/index.php?rest_route=%2Fwp%2Fv2%2Fcategories&post=3204"},{"taxonomy":"post_tag","embeddable":true,"href":"http:\/\/ekenasfotoklubb.org\/index.php?rest_route=%2Fwp%2Fv2%2Ftags&post=3204"},{"taxonomy":"table_tags","embeddable":true,"href":"http:\/\/ekenasfotoklubb.org\/index.php?rest_route=%2Fwp%2Fv2%2Ftable_tags&post=3204"}],"curies":[{"name":"wp","href":"https:\/\/api.w.org\/{rel}","templated":true}]}}