{"id":3223,"date":"2024-04-16T08:58:26","date_gmt":"2024-04-16T05:58:26","guid":{"rendered":"http:\/\/ekenasfotoklubb.org\/?p=3223"},"modified":"2024-05-06T08:58:43","modified_gmt":"2024-05-06T05:58:43","slug":"15-4-traff-i-vasterby","status":"publish","type":"post","link":"http:\/\/ekenasfotoklubb.org\/?p=3223","title":{"rendered":"15.4 &#8211; Tr\u00e4ff i V\u00e4sterby"},"content":{"rendered":"<p>M\u00e5ndagsm\u00f6tet 15.4 h\u00f6lls i V\u00e4sterbyskogarna i Eken\u00e4s. Peter Sj\u00f6strand hade planerat en l\u00e4mplig rutt f\u00f6r oss att g\u00e5. Rutten passarede en del av de m\u00e5nga sev\u00e4rda omr\u00e5dena i V\u00e4sterby. V\u00e4ndpunkten f\u00f6r rutten fanns vid en av grillplatserna vid V\u00e4sterby stortr\u00e4sk, d\u00e4r deltagarna kunde grilla korv. (bilder nedan av Anita Valtonen och Roland \u00d6ster)<\/p>\n<p><a href=\"http:\/\/ekenasfotoklubb.org\/wp-content\/uploads\/2024\/05\/436314400_25628247400106942_2059680813420505725_n.jpg\"><img loading=\"lazy\" class=\"alignnone size-large wp-image-3224\" src=\"http:\/\/ekenasfotoklubb.org\/wp-content\/uploads\/2024\/05\/436314400_25628247400106942_2059680813420505725_n-1024x683.jpg\" alt=\"\" width=\"1024\" height=\"683\" srcset=\"http:\/\/ekenasfotoklubb.org\/wp-content\/uploads\/2024\/05\/436314400_25628247400106942_2059680813420505725_n-1024x683.jpg 1024w, http:\/\/ekenasfotoklubb.org\/wp-content\/uploads\/2024\/05\/436314400_25628247400106942_2059680813420505725_n-300x200.jpg 300w, http:\/\/ekenasfotoklubb.org\/wp-content\/uploads\/2024\/05\/436314400_25628247400106942_2059680813420505725_n-768x512.jpg 768w, http:\/\/ekenasfotoklubb.org\/wp-content\/uploads\/2024\/05\/436314400_25628247400106942_2059680813420505725_n-1536x1024.jpg 1536w, http:\/\/ekenasfotoklubb.org\/wp-content\/uploads\/2024\/05\/436314400_25628247400106942_2059680813420505725_n-450x300.jpg 450w, http:\/\/ekenasfotoklubb.org\/wp-content\/uploads\/2024\/05\/436314400_25628247400106942_2059680813420505725_n.jpg 1800w\" sizes=\"(max-width: 1024px) 100vw, 1024px\" \/><\/a> <a href=\"http:\/\/ekenasfotoklubb.org\/wp-content\/uploads\/2024\/05\/438059810_10162524853946789_7418872690795531624_n.jpg\"><img loading=\"lazy\" class=\"alignnone wp-image-3225\" src=\"http:\/\/ekenasfotoklubb.org\/wp-content\/uploads\/2024\/05\/438059810_10162524853946789_7418872690795531624_n-683x1024.jpg\" alt=\"\" width=\"291\" height=\"430\"><\/a> <a href=\"http:\/\/ekenasfotoklubb.org\/wp-content\/uploads\/2024\/05\/437671619_10162524853776789_2749258958556619132_n.jpg\"><img loading=\"lazy\" class=\"alignnone wp-image-3226\" src=\"http:\/\/ekenasfotoklubb.org\/wp-content\/uploads\/2024\/05\/437671619_10162524853776789_2749258958556619132_n-1024x768.jpg\" alt=\"\" width=\"491\" height=\"372\"><\/a><\/p>\n","protected":false},"excerpt":{"rendered":"<p>M\u00e5ndagsm\u00f6tet 15.4 h\u00f6lls i V\u00e4sterbyskogarna i Eken\u00e4s. Peter Sj\u00f6strand hade planerat en l\u00e4mplig rutt f\u00f6r oss att g\u00e5. Rutten passarede en del av de m\u00e5nga sev\u00e4rda omr\u00e5dena i V\u00e4sterby. V\u00e4ndpunkten f\u00f6r rutten fanns vid en av grillplatserna vid V\u00e4sterby stortr\u00e4sk, d\u00e4r deltagarna kunde grilla korv. (bilder nedan av Anita Valtonen och Roland \u00d6ster) &hellip; <a class=\"more-link\" href=\"http:\/\/ekenasfotoklubb.org\/?p=3223\">L\u00e4s mer <span class=\"meta-nav\">&rarr;<\/span><\/a><\/p>\n","protected":false},"author":17,"featured_media":0,"comment_status":"closed","ping_status":"closed","sticky":false,"template":"","format":"standard","meta":{"ngg_post_thumbnail":0},"categories":[1],"tags":[],"table_tags":[],"_links":{"self":[{"href":"http:\/\/ekenasfotoklubb.org\/index.php?rest_route=\/wp\/v2\/posts\/3223"}],"collection":[{"href":"http:\/\/ekenasfotoklubb.org\/index.php?rest_route=\/wp\/v2\/posts"}],"about":[{"href":"http:\/\/ekenasfotoklubb.org\/index.php?rest_route=\/wp\/v2\/types\/post"}],"author":[{"embeddable":true,"href":"http:\/\/ekenasfotoklubb.org\/index.php?rest_route=\/wp\/v2\/users\/17"}],"replies":[{"embeddable":true,"href":"http:\/\/ekenasfotoklubb.org\/index.php?rest_route=%2Fwp%2Fv2%2Fcomments&post=3223"}],"version-history":[{"count":1,"href":"http:\/\/ekenasfotoklubb.org\/index.php?rest_route=\/wp\/v2\/posts\/3223\/revisions"}],"predecessor-version":[{"id":3227,"href":"http:\/\/ekenasfotoklubb.org\/index.php?rest_route=\/wp\/v2\/posts\/3223\/revisions\/3227"}],"wp:attachment":[{"href":"http:\/\/ekenasfotoklubb.org\/index.php?rest_route=%2Fwp%2Fv2%2Fmedia&parent=3223"}],"wp:term":[{"taxonomy":"category","embeddable":true,"href":"http:\/\/ekenasfotoklubb.org\/index.php?rest_route=%2Fwp%2Fv2%2Fcategories&post=3223"},{"taxonomy":"post_tag","embeddable":true,"href":"http:\/\/ekenasfotoklubb.org\/index.php?rest_route=%2Fwp%2Fv2%2Ftags&post=3223"},{"taxonomy":"table_tags","embeddable":true,"href":"http:\/\/ekenasfotoklubb.org\/index.php?rest_route=%2Fwp%2Fv2%2Ftable_tags&post=3223"}],"curies":[{"name":"wp","href":"https:\/\/api.w.org\/{rel}","templated":true}]}}