{"id":3228,"date":"2024-05-06T09:22:05","date_gmt":"2024-05-06T06:22:05","guid":{"rendered":"http:\/\/ekenasfotoklubb.org\/?p=3228"},"modified":"2024-05-06T09:33:26","modified_gmt":"2024-05-06T06:33:26","slug":"2-5-pappersbildstavling","status":"publish","type":"post","link":"http:\/\/ekenasfotoklubb.org\/?p=3228","title":{"rendered":"2.5 &#8211; Pappersbildst\u00e4vling"},"content":{"rendered":"<p>\u00c5rets pappersbildst\u00e4vling, en fotot\u00e4vling med utprintade bilder allts\u00e5, avgjordes torsdag 2.5. Som domare fungerade i \u00e5r Jaana Santalahti ( <a href=\"https:\/\/www.instagram.com\/jahnu_mumma\/\" target=\"_blank\" rel=\"noopener\">https:\/\/www.instagram.com\/jahnu_mumma\/<\/a> , <a href=\"https:\/\/www.biofoto.fi\/bilder\/jaana-santalahti\" target=\"_blank\" rel=\"noopener\">https:\/\/www.biofoto.fi\/bilder\/jaana-santalahti<\/a> )<br \/>\nTemat f\u00f6r t\u00e4vlingen var i \u00e5r &#8220;Naturens Detaljer&#8221;<\/p>\n<p>T\u00e4vlingens Top7:<\/p>\n<p>1 &#8211; Clarissa Kangas &#8211; Bild nr 32<\/p>\n<p><a href=\"http:\/\/ekenasfotoklubb.org\/wp-content\/uploads\/2024\/05\/32-Uraldringen-Clarissa.jpeg\"><img loading=\"lazy\" class=\"alignnone wp-image-3235\" src=\"http:\/\/ekenasfotoklubb.org\/wp-content\/uploads\/2024\/05\/32-Uraldringen-Clarissa-1024x768.jpeg\" alt=\"\" width=\"701\" height=\"530\"><\/a><\/p>\n<p>2 &#8211; Sam Sandqvist &#8211; Bild nr 25<\/p>\n<p><a href=\"http:\/\/ekenasfotoklubb.org\/wp-content\/uploads\/2024\/05\/25-Ro\u0308d-vinter-Sam.jpg\"><img loading=\"lazy\" class=\"alignnone wp-image-3234\" src=\"http:\/\/ekenasfotoklubb.org\/wp-content\/uploads\/2024\/05\/25-Ro\u0308d-vinter-Sam-683x1024.jpg\" alt=\"\" width=\"453\" height=\"674\"><\/a><\/p>\n<p>3 &#8211; Peter Sj\u00f6strand &#8211; Bild nr 4<\/p>\n<p><a href=\"http:\/\/ekenasfotoklubb.org\/wp-content\/uploads\/2024\/05\/4-Blasippa-Peter.jpg\"><img loading=\"lazy\" class=\"alignnone wp-image-3229\" src=\"http:\/\/ekenasfotoklubb.org\/wp-content\/uploads\/2024\/05\/4-Blasippa-Peter-1024x996.jpg\" alt=\"\" width=\"440\" height=\"428\" srcset=\"http:\/\/ekenasfotoklubb.org\/wp-content\/uploads\/2024\/05\/4-Blasippa-Peter-1024x996.jpg 1024w, http:\/\/ekenasfotoklubb.org\/wp-content\/uploads\/2024\/05\/4-Blasippa-Peter-300x292.jpg 300w, http:\/\/ekenasfotoklubb.org\/wp-content\/uploads\/2024\/05\/4-Blasippa-Peter-768x747.jpg 768w, http:\/\/ekenasfotoklubb.org\/wp-content\/uploads\/2024\/05\/4-Blasippa-Peter-309x300.jpg 309w, http:\/\/ekenasfotoklubb.org\/wp-content\/uploads\/2024\/05\/4-Blasippa-Peter.jpg 1234w\" sizes=\"(max-width: 440px) 100vw, 440px\" \/><\/a><\/p>\n<p>4 &#8211; Pekka Kandelin &#8211; Bild nr 19<\/p>\n<p><a href=\"http:\/\/ekenasfotoklubb.org\/wp-content\/uploads\/2024\/05\/19-Naturens-detail-Pekka.jpg\"><img loading=\"lazy\" class=\"alignnone wp-image-3231\" src=\"http:\/\/ekenasfotoklubb.org\/wp-content\/uploads\/2024\/05\/19-Naturens-detail-Pekka-1024x731.jpg\" alt=\"\" width=\"456\" height=\"328\"><\/a><\/p>\n<p>5 &#8211;&nbsp;Viveka Rabehl \u2013 Bild nr 23<\/p>\n<p><a href=\"http:\/\/ekenasfotoklubb.org\/wp-content\/uploads\/2024\/05\/23-Pollentider-Vivve.jpg\"><img loading=\"lazy\" class=\"alignnone wp-image-3233\" src=\"http:\/\/ekenasfotoklubb.org\/wp-content\/uploads\/2024\/05\/23-Pollentider-Vivve-1024x783.jpg\" alt=\"\" width=\"459\" height=\"353\"><\/a><\/p>\n<p>6 &#8211; Viveka Rabehl &#8211; Bild nr 21<\/p>\n<p><a href=\"http:\/\/ekenasfotoklubb.org\/wp-content\/uploads\/2024\/05\/21-Nyvaken-Padda-Vivve.jpg\"><img loading=\"lazy\" class=\"alignnone wp-image-3232\" src=\"http:\/\/ekenasfotoklubb.org\/wp-content\/uploads\/2024\/05\/21-Nyvaken-Padda-Vivve-1024x753.jpg\" alt=\"\" width=\"454\" height=\"336\"><\/a><\/p>\n<p>7 &#8211; Clarissa Kangas &#8211; Bild nr 5<\/p>\n<p><a href=\"http:\/\/ekenasfotoklubb.org\/wp-content\/uploads\/2024\/05\/5-Draperier-Clarissa.jpg\"><img loading=\"lazy\" class=\"alignnone wp-image-3230\" src=\"http:\/\/ekenasfotoklubb.org\/wp-content\/uploads\/2024\/05\/5-Draperier-Clarissa-1024x792.jpg\" alt=\"\" width=\"458\" height=\"356\"><\/a><\/p>\n<p>Alla bilder som deltog i t\u00e4vlingen kan ses i elektronisk form h\u00e4r:<br \/>\n<a href=\"https:\/\/ekenasfotoklubb.bilder.fi\/kuvat\/EFK+T%C3%A4vlingar\/2024+-+Printbild+-+Naturens+Detaljer\/\" target=\"_blank\" rel=\"noopener\">https:\/\/ekenasfotoklubb.bilder.fi\/kuvat\/EFK+T%C3%A4vlingar\/2024+-+Printbild+-+Naturens+Detaljer\/<\/a><\/p>\n<p>&nbsp;<\/p>\n","protected":false},"excerpt":{"rendered":"<p>\u00c5rets pappersbildst\u00e4vling, en fotot\u00e4vling med utprintade bilder allts\u00e5, avgjordes torsdag 2.5. Som domare fungerade i \u00e5r Jaana Santalahti ( https:\/\/www.instagram.com\/jahnu_mumma\/ , https:\/\/www.biofoto.fi\/bilder\/jaana-santalahti ) Temat f\u00f6r t\u00e4vlingen var i \u00e5r &#8220;Naturens Detaljer&#8221; T\u00e4vlingens Top7: 1 &#8211; Clarissa Kangas &#8211; Bild nr 32 2 &#8211; Sam Sandqvist &#8211; Bild nr 25 3 &#8211; Peter Sj\u00f6strand &#8211; Bild nr 4 4 &#8211; Pekka Kandelin &#8211; Bild nr 19 5 &#8211;&nbsp;Viveka Rabehl \u2013 Bild nr 23 6 &#8211; Viveka Rabehl &#8211; Bild nr 21 7 &#8211; Clarissa Kangas &#8211; Bild nr 5 Alla bilder som deltog i t\u00e4vlingen kan ses i elektronisk form h\u00e4r: &hellip; <a class=\"more-link\" href=\"http:\/\/ekenasfotoklubb.org\/?p=3228\">L\u00e4s mer <span class=\"meta-nav\">&rarr;<\/span><\/a><\/p>\n","protected":false},"author":17,"featured_media":0,"comment_status":"closed","ping_status":"closed","sticky":false,"template":"","format":"standard","meta":{"ngg_post_thumbnail":0},"categories":[1],"tags":[],"table_tags":[],"_links":{"self":[{"href":"http:\/\/ekenasfotoklubb.org\/index.php?rest_route=\/wp\/v2\/posts\/3228"}],"collection":[{"href":"http:\/\/ekenasfotoklubb.org\/index.php?rest_route=\/wp\/v2\/posts"}],"about":[{"href":"http:\/\/ekenasfotoklubb.org\/index.php?rest_route=\/wp\/v2\/types\/post"}],"author":[{"embeddable":true,"href":"http:\/\/ekenasfotoklubb.org\/index.php?rest_route=\/wp\/v2\/users\/17"}],"replies":[{"embeddable":true,"href":"http:\/\/ekenasfotoklubb.org\/index.php?rest_route=%2Fwp%2Fv2%2Fcomments&post=3228"}],"version-history":[{"count":3,"href":"http:\/\/ekenasfotoklubb.org\/index.php?rest_route=\/wp\/v2\/posts\/3228\/revisions"}],"predecessor-version":[{"id":3239,"href":"http:\/\/ekenasfotoklubb.org\/index.php?rest_route=\/wp\/v2\/posts\/3228\/revisions\/3239"}],"wp:attachment":[{"href":"http:\/\/ekenasfotoklubb.org\/index.php?rest_route=%2Fwp%2Fv2%2Fmedia&parent=3228"}],"wp:term":[{"taxonomy":"category","embeddable":true,"href":"http:\/\/ekenasfotoklubb.org\/index.php?rest_route=%2Fwp%2Fv2%2Fcategories&post=3228"},{"taxonomy":"post_tag","embeddable":true,"href":"http:\/\/ekenasfotoklubb.org\/index.php?rest_route=%2Fwp%2Fv2%2Ftags&post=3228"},{"taxonomy":"table_tags","embeddable":true,"href":"http:\/\/ekenasfotoklubb.org\/index.php?rest_route=%2Fwp%2Fv2%2Ftable_tags&post=3228"}],"curies":[{"name":"wp","href":"https:\/\/api.w.org\/{rel}","templated":true}]}}