{"id":3256,"date":"2024-08-26T10:11:07","date_gmt":"2024-08-26T07:11:07","guid":{"rendered":"http:\/\/ekenasfotoklubb.org\/?p=3256"},"modified":"2024-08-26T10:11:07","modified_gmt":"2024-08-26T07:11:07","slug":"24-8-dubbelexponering","status":"publish","type":"post","link":"http:\/\/ekenasfotoklubb.org\/?p=3256","title":{"rendered":"24.8 Dubbelexponering"},"content":{"rendered":"<div class=\"xdj266r x11i5rnm xat24cr x1mh8g0r x1vvkbs x126k92a\">\n<div dir=\"auto\">P\u00e5 l\u00f6rdag 24.8 deltog ett g\u00e4ng EFKare i en kurs i dubbelexponering med <span class=\"html-span xdj266r x11i5rnm xat24cr x1mh8g0r xexx8yu x4uap5 x18d9i69 xkhd6sd x1hl2dhg x16tdsg8 x1vvkbs\"><a class=\"x1i10hfl xjbqb8w x1ejq31n xd10rxx x1sy0etr x17r0tee x972fbf xcfux6l x1qhh985 xm0m39n x9f619 x1ypdohk xt0psk2 xe8uvvx xdj266r x11i5rnm xat24cr x1mh8g0r xexx8yu x4uap5 x18d9i69 xkhd6sd x16tdsg8 x1hl2dhg xggy1nq x1a2a7pz x1sur9pj xkrqix3 x1fey0fg x1s688f\" tabindex=\"0\" role=\"link\" href=\"https:\/\/www.facebook.com\/relander.christoffer?__cft__[0]=AZVK9E7Po_1vZ1UAAjYubjhosIJzFCWU8K136RIkV6oRyuglUm6H1aSCZ75kls42jLmgBjRccTWiuclpuaViSc3jn3zICbZqP0LZA-MBSt_lkHJgRDCpA1hiBByKnShXysKDcBY715Vo3sBZYXDFaL35Fg5QPuYvLPXzxjbTSTZzNA&amp;__tn__=-]K-R\"><span class=\"xt0psk2\">Christoffer Relander<\/span><\/a><\/span>. Under dagen fick vi l\u00e4ra oss om olika tekniker f\u00f6r att g\u00f6ra dubbelexponeringar i kameran eller i efterbehandlingsprogram som t.ex Adobe Photoshop.<\/div>\n<div dir=\"auto\">Tack Christoffer f\u00f6r en lyckad dag!<\/div>\n<\/div>\n<div class=\"x11i5rnm xat24cr x1mh8g0r x1vvkbs xtlvy1s x126k92a\">\n<div dir=\"auto\">P\u00e5 v\u00e5rt n\u00e4talbum kan ni titta n\u00e4rmare p\u00e5 en del av dagens alster.<\/div>\n<div dir=\"auto\"><a href=\"https:\/\/ekenasfotoklubb.bilder.fi\/kuvat\/EFK%20Blandat\/Multiexponering%20-%20En%20workshop%20med%20Christoffer%20Relander\/\" target=\"_blank\" rel=\"noopener\">https:\/\/ekenasfotoklubb.bilder.fi\/kuvat\/EFK%20Blandat\/Multiexponering%20-%20En%20workshop%20med%20Christoffer%20Relander\/<\/a><\/div>\n<div dir=\"auto\"><a href=\"http:\/\/ekenasfotoklubb.org\/wp-content\/uploads\/2024\/08\/Multikurs-Peter-4.jpg\"><img loading=\"lazy\" class=\"alignnone size-large wp-image-3257\" src=\"http:\/\/ekenasfotoklubb.org\/wp-content\/uploads\/2024\/08\/Multikurs-Peter-4-1024x693.jpg\" alt=\"\" width=\"1024\" height=\"693\" srcset=\"http:\/\/ekenasfotoklubb.org\/wp-content\/uploads\/2024\/08\/Multikurs-Peter-4-1024x693.jpg 1024w, http:\/\/ekenasfotoklubb.org\/wp-content\/uploads\/2024\/08\/Multikurs-Peter-4-300x203.jpg 300w, http:\/\/ekenasfotoklubb.org\/wp-content\/uploads\/2024\/08\/Multikurs-Peter-4-768x520.jpg 768w, http:\/\/ekenasfotoklubb.org\/wp-content\/uploads\/2024\/08\/Multikurs-Peter-4-1536x1040.jpg 1536w, http:\/\/ekenasfotoklubb.org\/wp-content\/uploads\/2024\/08\/Multikurs-Peter-4-443x300.jpg 443w, http:\/\/ekenasfotoklubb.org\/wp-content\/uploads\/2024\/08\/Multikurs-Peter-4.jpg 1773w\" sizes=\"(max-width: 1024px) 100vw, 1024px\" \/><\/a> <a href=\"http:\/\/ekenasfotoklubb.org\/wp-content\/uploads\/2024\/08\/20240824_125338.jpg\"><img loading=\"lazy\" class=\"alignnone size-large wp-image-3258\" src=\"http:\/\/ekenasfotoklubb.org\/wp-content\/uploads\/2024\/08\/20240824_125338-1024x768.jpg\" alt=\"\" width=\"1024\" height=\"768\" srcset=\"http:\/\/ekenasfotoklubb.org\/wp-content\/uploads\/2024\/08\/20240824_125338-1024x768.jpg 1024w, http:\/\/ekenasfotoklubb.org\/wp-content\/uploads\/2024\/08\/20240824_125338-300x225.jpg 300w, http:\/\/ekenasfotoklubb.org\/wp-content\/uploads\/2024\/08\/20240824_125338-768x576.jpg 768w, http:\/\/ekenasfotoklubb.org\/wp-content\/uploads\/2024\/08\/20240824_125338-1536x1151.jpg 1536w, http:\/\/ekenasfotoklubb.org\/wp-content\/uploads\/2024\/08\/20240824_125338-400x300.jpg 400w, http:\/\/ekenasfotoklubb.org\/wp-content\/uploads\/2024\/08\/20240824_125338.jpg 1601w\" sizes=\"(max-width: 1024px) 100vw, 1024px\" \/><\/a><\/div>\n<\/div>\n","protected":false},"excerpt":{"rendered":"<p>P\u00e5 l\u00f6rdag 24.8 deltog ett g\u00e4ng EFKare i en kurs i dubbelexponering med Christoffer Relander. Under dagen fick vi l\u00e4ra oss om olika tekniker f\u00f6r att g\u00f6ra dubbelexponeringar i kameran eller i efterbehandlingsprogram som t.ex Adobe Photoshop. Tack Christoffer f\u00f6r en lyckad dag! P\u00e5 v\u00e5rt n\u00e4talbum kan ni titta n\u00e4rmare p\u00e5 en del av dagens alster. https:\/\/ekenasfotoklubb.bilder.fi\/kuvat\/EFK%20Blandat\/Multiexponering%20-%20En%20workshop%20med%20Christoffer%20Relander\/ &hellip; <a class=\"more-link\" href=\"http:\/\/ekenasfotoklubb.org\/?p=3256\">L\u00e4s mer <span class=\"meta-nav\">&rarr;<\/span><\/a><\/p>\n","protected":false},"author":17,"featured_media":0,"comment_status":"closed","ping_status":"closed","sticky":false,"template":"","format":"standard","meta":{"ngg_post_thumbnail":0},"categories":[1],"tags":[],"table_tags":[],"_links":{"self":[{"href":"http:\/\/ekenasfotoklubb.org\/index.php?rest_route=\/wp\/v2\/posts\/3256"}],"collection":[{"href":"http:\/\/ekenasfotoklubb.org\/index.php?rest_route=\/wp\/v2\/posts"}],"about":[{"href":"http:\/\/ekenasfotoklubb.org\/index.php?rest_route=\/wp\/v2\/types\/post"}],"author":[{"embeddable":true,"href":"http:\/\/ekenasfotoklubb.org\/index.php?rest_route=\/wp\/v2\/users\/17"}],"replies":[{"embeddable":true,"href":"http:\/\/ekenasfotoklubb.org\/index.php?rest_route=%2Fwp%2Fv2%2Fcomments&post=3256"}],"version-history":[{"count":1,"href":"http:\/\/ekenasfotoklubb.org\/index.php?rest_route=\/wp\/v2\/posts\/3256\/revisions"}],"predecessor-version":[{"id":3259,"href":"http:\/\/ekenasfotoklubb.org\/index.php?rest_route=\/wp\/v2\/posts\/3256\/revisions\/3259"}],"wp:attachment":[{"href":"http:\/\/ekenasfotoklubb.org\/index.php?rest_route=%2Fwp%2Fv2%2Fmedia&parent=3256"}],"wp:term":[{"taxonomy":"category","embeddable":true,"href":"http:\/\/ekenasfotoklubb.org\/index.php?rest_route=%2Fwp%2Fv2%2Fcategories&post=3256"},{"taxonomy":"post_tag","embeddable":true,"href":"http:\/\/ekenasfotoklubb.org\/index.php?rest_route=%2Fwp%2Fv2%2Ftags&post=3256"},{"taxonomy":"table_tags","embeddable":true,"href":"http:\/\/ekenasfotoklubb.org\/index.php?rest_route=%2Fwp%2Fv2%2Ftable_tags&post=3256"}],"curies":[{"name":"wp","href":"https:\/\/api.w.org\/{rel}","templated":true}]}}